{"id":990245,"date":"2025-06-09T07:40:10","date_gmt":"2025-06-09T07:40:10","guid":{"rendered":"https:\/\/dimensionturistica.com\/es\/?p=990245"},"modified":"2025-06-09T07:40:10","modified_gmt":"2025-06-09T07:40:10","slug":"el-centro-civico-del-crucero-presenta-una-exhibicion-de-danza-inclusiva-con-participantes-con-discapacidad","status":"publish","type":"post","link":"https:\/\/dimensionturistica.com\/es\/el-centro-civico-del-crucero-presenta-una-exhibicion-de-danza-inclusiva-con-participantes-con-discapacidad\/","title":{"rendered":"El Centro C\u00edvico del Crucero presenta una exhibici\u00f3n de danza inclusiva con participantes con discapacidad."},"content":{"rendered":"<h3>La Danza Inclusiva: Un Viaje a Trav\u00e9s del Movimiento<\/h3>\n<p>En el mundo del turismo cultural, hay experiencias que trascienden lo convencional, conectando a las personas con su entorno de formas profundamente significativas. Una de estas experiencias es la danza inclusiva, un fen\u00f3meno que va m\u00e1s all\u00e1 de la mera expresi\u00f3n art\u00edstica; nos invita a reflexionar sobre la diversidad y la inclusi\u00f3n en la sociedad. Recientemente, una muestra de danza inclusiva para personas con discapacidad tuvo lugar en un emblem\u00e1tico centro c\u00edvico, deslumbrando a los asistentes con su riqueza y emotividad.<\/p>\n<p>Este evento no solo celebr\u00f3 el arte de la danza, sino que tambi\u00e9n represent\u00f3 una poderosa declaraci\u00f3n sobre la capacidad de cada individuo para expresarse y conectar con los dem\u00e1s. En el coraz\u00f3n de esta muestra se encuentra la idea de que la danza es un lenguaje universal, capaz de quebrantar barreras y unir a las comunidades. A trav\u00e9s de coreograf\u00edas m\u00e1gicas y llenas de vida, los bailarines demostraron que el arte puede ser un veh\u00edculo para la inclusi\u00f3n y la visibilidad de las personas con discapacidad.<\/p>\n<p>Los asistentes se vieron inmersos en una atm\u00f3sfera de respeto y admiraci\u00f3n, donde cada actuaci\u00f3n no solo entreten\u00eda, sino que tambi\u00e9n sensibilizaba sobre la importancia de adaptar los espacios culturales para que sean accesibles a todos. Las sonrisas, las l\u00e1grimas y el aplauso c\u00e1lido del p\u00fablico reflejaron el impacto emocional de la experiencia, convirti\u00e9ndola en un verdadero homenaje a la resiliencia y el talento de cada participante.<\/p>\n<p>Adem\u00e1s, la danza inclusiva empodera a las personas, ofreci\u00e9ndoles la oportunidad de compartir su historia y su voz a trav\u00e9s del movimiento. Esta pr\u00e1ctica no solo es art\u00edstica; es una forma de reivindicaci\u00f3n que ilumina la conversaci\u00f3n sobre la diversidad y la aceptaci\u00f3n en un mundo que a menudo tiende a marginar lo diferente. Las actuaciones en este espacio fueron un claro recordatorio de que, en la danza, todos somos int\u00e9rpretes y espectadores por igual.<\/p>\n<p>Los turistas que busquen experiencias aut\u00e9nticas en su viaje deben considerar no solo los monumentos y los paisajes, sino tambi\u00e9n el vibrante panorama cultural que existe en cada comunidad. Participar en eventos como este no solo enriquece el viaje, sino que tambi\u00e9n fomenta un sentido de conexi\u00f3n m\u00e1s profundo con la regi\u00f3n y su gente. Cada danza es un relato que contar, cada paso un testimonio que merece ser escuchado.<\/p>\n<p>As\u00ed que la pr\u00f3xima vez que te encuentres explorando una nueva ciudad, no olvides buscar aquellas iniciativas culturales que aboguen por la inclusi\u00f3n y la diversidad. La danza inclusiva no es solo una representaci\u00f3n art\u00edstica; es una experiencia transformadora que invita a todos a unirse en la celebraci\u00f3n de la vida, el arte y la dignidad humana. Un viaje as\u00ed no solo enriquece el alma, sino que se convierte en un recuerdo imborrable que acompa\u00f1a a cada viajero.<\/p>\n<p><em> &#8221; Sources ileon.eldiario.es &#8221; <\/em><\/p>\n<p><em> &#8221; Fuentes ileon.eldiario.es &#8221; <\/em><\/p>\n","protected":false},"excerpt":{"rendered":"<p>La Danza Inclusiva: Un Viaje a Trav\u00e9s del Movimiento En el mundo del turismo cultural, hay experiencias que trascienden lo convencional, conectando a las personas con su entorno de formas profundamente significativas. Una de estas experiencias es la danza inclusiva, un fen\u00f3meno que va m\u00e1s all\u00e1 de la mera expresi\u00f3n art\u00edstica; nos invita a reflexionar [&hellip;]<\/p>\n","protected":false},"author":4,"featured_media":990246,"comment_status":"open","ping_status":"closed","sticky":false,"template":"","format":"standard","meta":{"om_disable_all_campaigns":false,"jnews-multi-image_gallery":[],"jnews_single_post":[],"jnews_primary_category":[],"jnews_social_meta":[],"footnotes":""},"categories":[41],"tags":[11324,10255,2185,2821,2822,3240,1280,662,8685,177179,8956,228600,55734,9609,12850,46091,3718,4640],"class_list":["post-990245","post","type-post","status-publish","format-standard","has-post-thumbnail","hentry","category-cruceros","tag-accesibilidad","tag-acoge","tag-arte","tag-centro","tag-civico","tag-comunidad","tag-crucero","tag-cultura","tag-danza","tag-danza-inclusiva","tag-discapacidad","tag-el-centro-civico-del-crucero","tag-eventos-culturales","tag-exposicion","tag-inclusion","tag-inclusiva","tag-muestra","tag-personas"],"_links":{"self":[{"href":"https:\/\/dimensionturistica.com\/es\/wp-json\/wp\/v2\/posts\/990245","targetHints":{"allow":["GET"]}}],"collection":[{"href":"https:\/\/dimensionturistica.com\/es\/wp-json\/wp\/v2\/posts"}],"about":[{"href":"https:\/\/dimensionturistica.com\/es\/wp-json\/wp\/v2\/types\/post"}],"author":[{"embeddable":true,"href":"https:\/\/dimensionturistica.com\/es\/wp-json\/wp\/v2\/users\/4"}],"replies":[{"embeddable":true,"href":"https:\/\/dimensionturistica.com\/es\/wp-json\/wp\/v2\/comments?post=990245"}],"version-history":[{"count":0,"href":"https:\/\/dimensionturistica.com\/es\/wp-json\/wp\/v2\/posts\/990245\/revisions"}],"wp:featuredmedia":[{"embeddable":true,"href":"https:\/\/dimensionturistica.com\/es\/wp-json\/wp\/v2\/media\/990246"}],"wp:attachment":[{"href":"https:\/\/dimensionturistica.com\/es\/wp-json\/wp\/v2\/media?parent=990245"}],"wp:term":[{"taxonomy":"category","embeddable":true,"href":"https:\/\/dimensionturistica.com\/es\/wp-json\/wp\/v2\/categories?post=990245"},{"taxonomy":"post_tag","embeddable":true,"href":"https:\/\/dimensionturistica.com\/es\/wp-json\/wp\/v2\/tags?post=990245"}],"curies":[{"name":"wp","href":"https:\/\/api.w.org\/{rel}","templated":true}]}}