{"id":989839,"date":"2025-06-07T17:43:26","date_gmt":"2025-06-07T17:43:26","guid":{"rendered":"https:\/\/dimensionturistica.com\/es\/?p=989839"},"modified":"2025-06-07T17:43:26","modified_gmt":"2025-06-07T17:43:26","slug":"de-junio-a-septiembre-mazatlan-vivira-su-periodo-de-menor-actividad-en-cruceros-turisticos","status":"publish","type":"post","link":"https:\/\/dimensionturistica.com\/es\/de-junio-a-septiembre-mazatlan-vivira-su-periodo-de-menor-actividad-en-cruceros-turisticos\/","title":{"rendered":"De junio a septiembre, Mazatl\u00e1n vivir\u00e1 su periodo de menor actividad en cruceros tur\u00edsticos."},"content":{"rendered":"<h3>Mazatl\u00e1n: Un Destino en Pausa y Oportunidades<\/h3>\n<p>Mazatl\u00e1n, el vibrante puerto mexicano famoso por sus extensas playas y su rica herencia cultural, se acerca a una temporada marcada por la disminuci\u00f3n de cruceros tur\u00edsticos. Desde junio hasta septiembre, este destino costero experimentar\u00e1 un par\u00e9ntesis en la llegada de estos grandes barcos que traen consigo viajeros de todo el mundo. Aunque esta pausa puede parecer un desaf\u00edo para la industria tur\u00edstica local, tambi\u00e9n abre un abanico de oportunidades para redescubrir la esencia de la ciudad.<\/p>\n<h4>Un Calor Atractivo<\/h4>\n<p>Durante los meses estivales, Mazatl\u00e1n se ba\u00f1a en un clima c\u00e1lido y soleado, ideal para disfrutar de sus playas menos concurridas. En lugar de las multitudes t\u00edpicas que llegan en los cruceros, el visitante se sumerge en una atm\u00f3sfera m\u00e1s tranquila y acogedora. Esta temporada baja permite descubrir un lado diferente de Mazatl\u00e1n, donde las actividades locales y la cultura se viven con mayor intensidad. <\/p>\n<h4>Actividades al Alcance<\/h4>\n<p>Los turistas que elijan visitar Mazatl\u00e1n durante este periodo pueden disfrutar de actividades que quiz\u00e1s no son tan accesibles en temporada alta. Probar la gastronom\u00eda que ofrece el malec\u00f3n, explorar el Centro Hist\u00f3rico con sus calles empedradas y arquitectura colonial, o realizar un tour de avistamiento de aves en los alrededores son solo algunas de las opciones que invitan a experimentar la aut\u00e9ntica vida mazatleca.<\/p>\n<p>Adem\u00e1s, muchos establecimientos locales aprovechan esta temporada para ofrecer promociones atractivas, lo que convierte la visita en una experiencia a\u00fan m\u00e1s seductora. Desde descuentos en restaurantes hasta paquetes especiales en hoteles, los viajeros pueden disfrutar de una estancia c\u00f3moda y econ\u00f3mica.<\/p>\n<h4>El Ritmo Local<\/h4>\n<p>Este periodo de desaceleraci\u00f3n tambi\u00e9n permite a los habitantes de Mazatl\u00e1n desplegar su propia agenda cultural. Eventos locales, festivales y ferias se llevan a cabo en un ambiente m\u00e1s \u00edntimo y personal. Esta interacci\u00f3n con la comunidad brinda a los visitantes la oportunidad de conectarse con la cultura local de una manera que a menudo se pierde en la afluencia masiva de turistas.<\/p>\n<p>Los encantos de Mazatl\u00e1n se extienden m\u00e1s all\u00e1 de sus playas; la hospitalidad de su gente y la calidez del ambiente crean un espacio donde cada visitante puede sentirse como en casa. La playa de la Olas Altas, por ejemplo, se convierte en un lugar ideal para relajarse mientras se disfruta de un delicioso ceviche preparado por un vendedor local.<\/p>\n<h4>Preparativos para la Temporada Alta<\/h4>\n<p>Aunque la llegada de cruceros disminuir\u00e1, Mazatl\u00e1n no se detiene. La ciudad est\u00e1 en constante desarrollo y preparaci\u00f3n para recibir a millones de turistas en la temporada alta. Nuevas atracciones y mejoras en la infraestructura est\u00e1n en marcha, lo que significa que Mazatl\u00e1n elevar\u00e1 a\u00fan m\u00e1s su atractivo como un para\u00edso tur\u00edstico en el Pac\u00edfico mexicano.<\/p>\n<p>En resumen, la temporada baja en Mazatl\u00e1n es mucho m\u00e1s que una pausa; es una oportunidad para profundizar en la cultura local, disfrutar de la tranquilidad de sus playas y sumergirse en la hospitalidad de sus gentes. As\u00ed que si est\u00e1s buscando un destino donde relajarte y conectar, no te pierdas la oportunidad de visitar Mazatl\u00e1n entre junio y septiembre. \u00a1La aventura te espera!<\/p>\n<p><em> &#8221; Sources oem.com.mx &#8221; <\/em><\/p>\n<p><em> &#8221; Fuentes oem.com.mx &#8221; <\/em><\/p>\n","protected":false},"excerpt":{"rendered":"<p>Mazatl\u00e1n: Un Destino en Pausa y Oportunidades Mazatl\u00e1n, el vibrante puerto mexicano famoso por sus extensas playas y su rica herencia cultural, se acerca a una temporada marcada por la disminuci\u00f3n de cruceros tur\u00edsticos. Desde junio hasta septiembre, este destino costero experimentar\u00e1 un par\u00e9ntesis en la llegada de estos grandes barcos que traen consigo viajeros [&hellip;]<\/p>\n","protected":false},"author":4,"featured_media":989840,"comment_status":"open","ping_status":"closed","sticky":false,"template":"","format":"standard","meta":{"om_disable_all_campaigns":false,"jnews-multi-image_gallery":[],"jnews_single_post":[],"jnews_primary_category":[],"jnews_social_meta":[],"footnotes":""},"categories":[41],"tags":[15557,228493,21639,1099,30076,544,2873,545],"class_list":["post-989839","post","type-post","status-publish","format-standard","has-post-thumbnail","hentry","category-cruceros","tag-cruceros-turisticos","tag-destinacoes-maritimas","tag-economia-local","tag-mazatlan","tag-temporada-baja","tag-turismo","tag-verano","tag-viajes"],"_links":{"self":[{"href":"https:\/\/dimensionturistica.com\/es\/wp-json\/wp\/v2\/posts\/989839","targetHints":{"allow":["GET"]}}],"collection":[{"href":"https:\/\/dimensionturistica.com\/es\/wp-json\/wp\/v2\/posts"}],"about":[{"href":"https:\/\/dimensionturistica.com\/es\/wp-json\/wp\/v2\/types\/post"}],"author":[{"embeddable":true,"href":"https:\/\/dimensionturistica.com\/es\/wp-json\/wp\/v2\/users\/4"}],"replies":[{"embeddable":true,"href":"https:\/\/dimensionturistica.com\/es\/wp-json\/wp\/v2\/comments?post=989839"}],"version-history":[{"count":0,"href":"https:\/\/dimensionturistica.com\/es\/wp-json\/wp\/v2\/posts\/989839\/revisions"}],"wp:featuredmedia":[{"embeddable":true,"href":"https:\/\/dimensionturistica.com\/es\/wp-json\/wp\/v2\/media\/989840"}],"wp:attachment":[{"href":"https:\/\/dimensionturistica.com\/es\/wp-json\/wp\/v2\/media?parent=989839"}],"wp:term":[{"taxonomy":"category","embeddable":true,"href":"https:\/\/dimensionturistica.com\/es\/wp-json\/wp\/v2\/categories?post=989839"},{"taxonomy":"post_tag","embeddable":true,"href":"https:\/\/dimensionturistica.com\/es\/wp-json\/wp\/v2\/tags?post=989839"}],"curies":[{"name":"wp","href":"https:\/\/api.w.org\/{rel}","templated":true}]}}