{"id":98959,"date":"2021-03-20T02:51:51","date_gmt":"2021-03-20T02:51:51","guid":{"rendered":"https:\/\/dimensionturistica.com\/es\/?p=98959"},"modified":"2021-03-20T02:51:51","modified_gmt":"2021-03-20T02:51:51","slug":"royal-caribbean-reanudara-cruceros-por-el-caribe-en-junio","status":"publish","type":"post","link":"https:\/\/dimensionturistica.com\/es\/royal-caribbean-reanudara-cruceros-por-el-caribe-en-junio\/","title":{"rendered":"Royal Caribbean reanudar\u00e1 cruceros por el Caribe en junio"},"content":{"rendered":"<p> <br \/>\n<\/p>\n<div>\n<p>La compa\u00f1\u00eda de viajes en crucero Royal Caribbean reanudar\u00e1 actividades en junio despu\u00e9s de un a\u00f1o de haber detenido sus excursiones debido a la pandemia de coronavirus.<\/p>\n<p>Los pasajeros de 18 a\u00f1os o mayores deber\u00e1n de dar negativo en una prueba de COVID-19 aplicada antes de abordar a alguno de los dos buques que reiniciar\u00e1n las actividades.<\/p>\n<p>Superstar Cruises, subsidiaria de Royal Caribbean, inform\u00f3 este viernes que su crucero Superstar Millennium partir\u00e1 el pr\u00f3ximo 5 de junio de St. Maarten y tendr\u00e1 un itinerario con escalas en Aruba, Cura\u00e7ao y Barbados. El otro pasar\u00e1 por T\u00f3rtola, Santa Lucia y Barbados.<\/p>\n<p>Lisa Lutoff-Perlo, directora common de Superstar Cruises, asegur\u00f3 que el regreso de los barcos al Caribe \u201cmarca el comienzo mesurado del fin de lo que ha sido un tiempo especialmente dif\u00edcil para todo el mundo\u201d.<\/p>\n<p>Por su parte, la l\u00ednea con el mismo nombre Royal Caribbean iniciar\u00e1 su viaje una semana despu\u00e9s, partiendo de Nassau, Bahamas, a bordo del Journey of the Seas.<\/p>\n<p>Tras el anuncio, las acciones de Royal Caribbean subieron m\u00e1s del 2% este viernes.<\/p>\n<p>Desde marzo de 2020, los Centros para el Management y la Prevenci\u00f3n de Enfermedades de Estados Unidos prohibi\u00f3 los viajes en crucero por aguas estadounidenses. Directores de ambas instituciones se han reunido para una posible reanudaci\u00f3n de actividades con certificados condicionales de navegaci\u00f3n.<\/p>\n<p><!-- AI CONTENT END 1 --><\/p>\n<\/div>\n\n<p><em> &#8221; Fuentes www.lanoticia.com &#8221; <\/em><\/p>\n","protected":false},"excerpt":{"rendered":"<p>La compa\u00f1\u00eda de viajes en crucero Royal Caribbean reanudar\u00e1 actividades en junio despu\u00e9s de un a\u00f1o de haber detenido sus excursiones debido a la pandemia de coronavirus. Los pasajeros de 18 a\u00f1os o mayores deber\u00e1n de dar negativo en una prueba de COVID-19 aplicada antes de abordar a alguno de los dos buques que reiniciar\u00e1n [&hellip;]<\/p>\n","protected":false},"author":4,"featured_media":98960,"comment_status":"open","ping_status":"closed","sticky":false,"template":"","format":"standard","meta":{"om_disable_all_campaigns":false,"jnews-multi-image_gallery":[],"jnews_single_post":[],"jnews_primary_category":[],"jnews_social_meta":[],"footnotes":""},"categories":[41],"tags":[],"class_list":["post-98959","post","type-post","status-publish","format-standard","has-post-thumbnail","hentry","category-cruceros"],"_links":{"self":[{"href":"https:\/\/dimensionturistica.com\/es\/wp-json\/wp\/v2\/posts\/98959","targetHints":{"allow":["GET"]}}],"collection":[{"href":"https:\/\/dimensionturistica.com\/es\/wp-json\/wp\/v2\/posts"}],"about":[{"href":"https:\/\/dimensionturistica.com\/es\/wp-json\/wp\/v2\/types\/post"}],"author":[{"embeddable":true,"href":"https:\/\/dimensionturistica.com\/es\/wp-json\/wp\/v2\/users\/4"}],"replies":[{"embeddable":true,"href":"https:\/\/dimensionturistica.com\/es\/wp-json\/wp\/v2\/comments?post=98959"}],"version-history":[{"count":0,"href":"https:\/\/dimensionturistica.com\/es\/wp-json\/wp\/v2\/posts\/98959\/revisions"}],"wp:featuredmedia":[{"embeddable":true,"href":"https:\/\/dimensionturistica.com\/es\/wp-json\/wp\/v2\/media\/98960"}],"wp:attachment":[{"href":"https:\/\/dimensionturistica.com\/es\/wp-json\/wp\/v2\/media?parent=98959"}],"wp:term":[{"taxonomy":"category","embeddable":true,"href":"https:\/\/dimensionturistica.com\/es\/wp-json\/wp\/v2\/categories?post=98959"},{"taxonomy":"post_tag","embeddable":true,"href":"https:\/\/dimensionturistica.com\/es\/wp-json\/wp\/v2\/tags?post=98959"}],"curies":[{"name":"wp","href":"https:\/\/api.w.org\/{rel}","templated":true}]}}