{"id":98955,"date":"2021-03-20T02:43:23","date_gmt":"2021-03-20T02:43:23","guid":{"rendered":"https:\/\/dimensionturistica.com\/es\/?p=98955"},"modified":"2021-03-20T02:43:23","modified_gmt":"2021-03-20T02:43:23","slug":"gaston-garcia-arreglo-con-crucero-y-se-convirtio-en-nuevo-refuerzo","status":"publish","type":"post","link":"https:\/\/dimensionturistica.com\/es\/gaston-garcia-arreglo-con-crucero-y-se-convirtio-en-nuevo-refuerzo\/","title":{"rendered":"Gast\u00f3n Garc\u00eda arregl\u00f3 con Crucero y se convirti\u00f3 en nuevo refuerzo"},"content":{"rendered":"<p> <br \/>\n<\/p>\n<div>\n<p><img decoding=\"async\" class=\"alignnone wp-image-100416425  lazy\" src=\"https:\/\/www.primeraedicion.com.ar\/wp-content\/uploads\/2021\/03\/Sin-t\u00edtulo.jpg\" alt=\"\" width=\"884\" height=\"597\"  data-\/><\/p>\n<p><strong>El membership Crucero del Norte oficializ\u00f3 este viernes la incorporaci\u00f3n de Gast\u00f3n Garc\u00eda, zaguero central zurdo de 25 a\u00f1os,<\/strong> que debut\u00f3 en primera en All Boys, en donde estuvo entre el 2014-2018.<\/p>\n<p>El bonaerense, nacido en Temperley,\u00a0 tuvo un breve paso por el f\u00fatbol del ascenso en Independiente de La Pampa. Luego lleg\u00f3 a Flandria y<strong> hace un par de d\u00edas que est\u00e1 entrenando con el equipo que dirige Carlos Marczuk.<\/strong><\/p>\n<p>Seg\u00fan se autodefini\u00f3, <strong>Garc\u00eda es un jugador aguerrido de mucha marca que puede jugar tambi\u00e9n de lateral por el sector izquierdo que llega para seguir jerarquizando la defensa colectivera que se prepara para enfrentar un nuevo Federal A de f\u00fatbol.<\/strong><\/p>\n<p>Con muchas ganas y predisposici\u00f3n al trabajo, <strong>Gast\u00f3n desea ganarse r\u00e1pidamente un lugar en el primer equipo y se puso a la par de sus compa\u00f1eros.<\/strong><\/p>\n<p><em>Fuente: Prensa Membership Crucero del Norte<\/em><\/p>\n<\/div>\n<p><script>(function(d, s, id) {\n  var js, fjs = d.getElementsByTagName(s)[0];\n  if (d.getElementById(id)) return;\n  js = d.createElement(s); js.id = id;\n  js.src=\"https:\/\/connect.facebook.net\/es_LA\/sdk.js#xfbml=1&version=v3.0&appId=2081795622093047&autoLogAppEvents=1\";\n  fjs.parentNode.insertBefore(js, fjs);\n}(document, 'script', 'facebook-jssdk'));<\/script><script>(function(d, s, id) {\n          var js, fjs = d.getElementsByTagName(s)[0];\n          if (d.getElementById(id)) return;\n          js = d.createElement(s); js.id = id;\n          js.src = \"https:\/\/connect.facebook.net\/es_ES\/sdk.js#xfbml=1&appId=322883867836075&version=v2.3\";\n          fjs.parentNode.insertBefore(js, fjs);\n        }(document, 'script', 'facebook-jssdk'));<\/script><script type=\"text\/javascript\">\nfunction heateorSssLoadEvent(e) {var t=window.onload;if (typeof window.onload!=\"function\") {window.onload=e}else{window.onload=function() {t();e()}}};\tvar heateorSssSharingAjaxUrl=\"https:\/\/www.primeraedicion.com.ar\/wp-admin\/admin-ajax.php\", heateorSssCloseIconPath=\"https:\/\/www.primeraedicion.com.ar\/wp-content\/plugins\/sassy-social-share\/public\/..\/images\/close.png\", heateorSssPluginIconPath=\"https:\/\/www.primeraedicion.com.ar\/wp-content\/plugins\/sassy-social-share\/public\/..\/images\/logo.png\", heateorSssHorizontalSharingCountEnable = 0, heateorSssVerticalSharingCountEnable = 0, heateorSssSharingOffset = -10; var heateorSssMobileStickySharingEnabled = 0;var heateorSssCopyLinkMessage = \"Link copied.\";var heateorSssUrlCountFetched = [], heateorSssSharesText=\"Shares\", heateorSssShareText=\"Share\";function heateorSssPopup(e) {window.open(e,\"popUpWindow\",\"height=400,width=600,left=400,top=100,resizable,scrollbars,toolbar=0,personalbar=0,menubar=no,location=no,directories=no,status\")}function heateorSssInitiateFB() {FB.init({appId:\"\",channelUrl:\"\",status:!0,cookie:!0,xfbml:!0,version:\"v9.0\"})}window.fbAsyncInit=function() {heateorSssInitiateFB(),0&&(FB.Event.subscribe(\"edge.create\",function(e) {heateorSsmiMycredPoints(\"Facebook_like_recommend\",\"\",e?e:\"\")}),FB.Event.subscribe(\"edge.remove\",function(e) {heateorSsmiMycredPoints(\"Facebook_like_recommend\",\"\",e?e:\"\",\"Minus point(s) for undoing Facebook like-recommend\")}) ),0&&(FB.Event.subscribe(\"edge.create\",function(e) {heateorSsgaSocialPluginsTracking(\"Facebook\",\"Like\",e?e:\"\")}),FB.Event.subscribe(\"edge.remove\",function(e) {heateorSsgaSocialPluginsTracking(\"Facebook\",\"Unlike\",e?e:\"\")}) )},function(e) (document);;var heateorSssWhatsappShareAPI = \"web\";\n<\/script><br \/>\n<br \/><\/p>\n<p><em> &#8221; Fuentes www.primeraedicion.com.ar &#8221; <\/em><\/p>\n","protected":false},"excerpt":{"rendered":"<p>El membership Crucero del Norte oficializ\u00f3 este viernes la incorporaci\u00f3n de Gast\u00f3n Garc\u00eda, zaguero central zurdo de 25 a\u00f1os, que debut\u00f3 en primera en All Boys, en donde estuvo entre el 2014-2018. El bonaerense, nacido en Temperley,\u00a0 tuvo un breve paso por el f\u00fatbol del ascenso en Independiente de La Pampa. Luego lleg\u00f3 a Flandria [&hellip;]<\/p>\n","protected":false},"author":4,"featured_media":0,"comment_status":"open","ping_status":"closed","sticky":false,"template":"","format":"standard","meta":{"om_disable_all_campaigns":false,"jnews-multi-image_gallery":[],"jnews_single_post":[],"jnews_primary_category":[],"jnews_social_meta":[],"footnotes":""},"categories":[41],"tags":[],"class_list":["post-98955","post","type-post","status-publish","format-standard","hentry","category-cruceros"],"_links":{"self":[{"href":"https:\/\/dimensionturistica.com\/es\/wp-json\/wp\/v2\/posts\/98955","targetHints":{"allow":["GET"]}}],"collection":[{"href":"https:\/\/dimensionturistica.com\/es\/wp-json\/wp\/v2\/posts"}],"about":[{"href":"https:\/\/dimensionturistica.com\/es\/wp-json\/wp\/v2\/types\/post"}],"author":[{"embeddable":true,"href":"https:\/\/dimensionturistica.com\/es\/wp-json\/wp\/v2\/users\/4"}],"replies":[{"embeddable":true,"href":"https:\/\/dimensionturistica.com\/es\/wp-json\/wp\/v2\/comments?post=98955"}],"version-history":[{"count":0,"href":"https:\/\/dimensionturistica.com\/es\/wp-json\/wp\/v2\/posts\/98955\/revisions"}],"wp:attachment":[{"href":"https:\/\/dimensionturistica.com\/es\/wp-json\/wp\/v2\/media?parent=98955"}],"wp:term":[{"taxonomy":"category","embeddable":true,"href":"https:\/\/dimensionturistica.com\/es\/wp-json\/wp\/v2\/categories?post=98955"},{"taxonomy":"post_tag","embeddable":true,"href":"https:\/\/dimensionturistica.com\/es\/wp-json\/wp\/v2\/tags?post=98955"}],"curies":[{"name":"wp","href":"https:\/\/api.w.org\/{rel}","templated":true}]}}