{"id":98949,"date":"2021-03-20T02:35:21","date_gmt":"2021-03-20T02:35:21","guid":{"rendered":"https:\/\/dimensionturistica.com\/es\/?p=98949"},"modified":"2021-03-20T02:35:21","modified_gmt":"2021-03-20T02:35:21","slug":"ocurre-fuerte-choque-en-el-crucero-a-aquila-de-la-costera-de-michoacan","status":"publish","type":"post","link":"https:\/\/dimensionturistica.com\/es\/ocurre-fuerte-choque-en-el-crucero-a-aquila-de-la-costera-de-michoacan\/","title":{"rendered":"Ocurre fuerte choque en el crucero a Aquila de la costera de Michoac\u00e1n"},"content":{"rendered":"<p> <br \/>\n<\/p>\n<div>\n<p>AQUILA, Mich., 19 de marzo de 2021. \u2013 Este viernes por la tarde, desde el municipio de Aquila se reporta que en la carretera federal M\u00e9xico 200, la costera de Michoac\u00e1n, en la intersecci\u00f3n con el camino estatal que va a la cabecera municipal aquilense y a Chinicuila, Coalcom\u00e1n, Tepalcatepec, Buenavista y Apatzing\u00e1n, sucedi\u00f3 un fuerte choque entre un autom\u00f3vil y una camioneta doble cabina.<\/p>\n<p>Al momento en cuanto a da\u00f1os materiales se reportan p\u00e9rdidas totales de los dos veh\u00edculos, mientras que en el saldo de v\u00edctimas humanas solo se registraron cinco lesionados con diversos estados de gravedad, siendo estos la vecina de La Placita, Jhoana \u201cA\u201d de 29 a\u00f1os de edad; y J. Israel \u201cB\u201d, Angie Nahomi \u201cN\u201d, Celestino \u201cV\u201d, y Adalid Guadalupe \u201cA\u201d, los que fueron trasladados por las ambulancias de Protecci\u00f3n Civil de Aquila y Coahuayana, as\u00ed como por la ambulancia de la empresa minera Ternium que se sum\u00f3 a apoyar en esta emergencia. <\/p>\n<figure class=\"wp-block-image size-large\"><img decoding=\"async\" src=\"https:\/\/dimensionturistica.com\/es\/wp-content\/uploads\/2021\/03\/Ocurre-fuerte-choque-en-el-crucero-a-Aquila-de-la.jpeg\" alt=\"\" class=\"wp-image-148047\"  \/><\/figure>\n<p>En apoyo a la emergencia acudieron elementos de Protecci\u00f3n Civil de Aquila y Coahuayana, de la Polic\u00eda Michoac\u00e1n, de la Guardia Nacional, de la polic\u00eda comunitaria, y de la empresa Ternium.<\/p>\n<figure class=\"wp-block-image size-large\"><img decoding=\"async\" src=\"https:\/\/dimensionturistica.com\/es\/wp-content\/uploads\/2021\/03\/1616207720_686_Ocurre-fuerte-choque-en-el-crucero-a-Aquila-de-la.jpeg\" alt=\"\" class=\"wp-image-148049\"  \/><\/figure>\n<\/div>\n\n<p><em> &#8221; Fuentes colima.quadratin.com.mx &#8221; <\/em><\/p>\n","protected":false},"excerpt":{"rendered":"<p>AQUILA, Mich., 19 de marzo de 2021. \u2013 Este viernes por la tarde, desde el municipio de Aquila se reporta que en la carretera federal M\u00e9xico 200, la costera de Michoac\u00e1n, en la intersecci\u00f3n con el camino estatal que va a la cabecera municipal aquilense y a Chinicuila, Coalcom\u00e1n, Tepalcatepec, Buenavista y Apatzing\u00e1n, sucedi\u00f3 un [&hellip;]<\/p>\n","protected":false},"author":4,"featured_media":98950,"comment_status":"open","ping_status":"closed","sticky":false,"template":"","format":"standard","meta":{"om_disable_all_campaigns":false,"jnews-multi-image_gallery":[],"jnews_single_post":[],"jnews_primary_category":[],"jnews_social_meta":[],"footnotes":""},"categories":[41],"tags":[],"class_list":["post-98949","post","type-post","status-publish","format-standard","has-post-thumbnail","hentry","category-cruceros"],"_links":{"self":[{"href":"https:\/\/dimensionturistica.com\/es\/wp-json\/wp\/v2\/posts\/98949","targetHints":{"allow":["GET"]}}],"collection":[{"href":"https:\/\/dimensionturistica.com\/es\/wp-json\/wp\/v2\/posts"}],"about":[{"href":"https:\/\/dimensionturistica.com\/es\/wp-json\/wp\/v2\/types\/post"}],"author":[{"embeddable":true,"href":"https:\/\/dimensionturistica.com\/es\/wp-json\/wp\/v2\/users\/4"}],"replies":[{"embeddable":true,"href":"https:\/\/dimensionturistica.com\/es\/wp-json\/wp\/v2\/comments?post=98949"}],"version-history":[{"count":0,"href":"https:\/\/dimensionturistica.com\/es\/wp-json\/wp\/v2\/posts\/98949\/revisions"}],"wp:featuredmedia":[{"embeddable":true,"href":"https:\/\/dimensionturistica.com\/es\/wp-json\/wp\/v2\/media\/98950"}],"wp:attachment":[{"href":"https:\/\/dimensionturistica.com\/es\/wp-json\/wp\/v2\/media?parent=98949"}],"wp:term":[{"taxonomy":"category","embeddable":true,"href":"https:\/\/dimensionturistica.com\/es\/wp-json\/wp\/v2\/categories?post=98949"},{"taxonomy":"post_tag","embeddable":true,"href":"https:\/\/dimensionturistica.com\/es\/wp-json\/wp\/v2\/tags?post=98949"}],"curies":[{"name":"wp","href":"https:\/\/api.w.org\/{rel}","templated":true}]}}