{"id":98941,"date":"2021-03-20T02:26:58","date_gmt":"2021-03-20T02:26:58","guid":{"rendered":"https:\/\/dimensionturistica.com\/es\/?p=98941"},"modified":"2021-03-20T02:26:58","modified_gmt":"2021-03-20T02:26:58","slug":"regresa-el-turismo-de-cruceros-a-cozumel-confirman-fechas","status":"publish","type":"post","link":"https:\/\/dimensionturistica.com\/es\/regresa-el-turismo-de-cruceros-a-cozumel-confirman-fechas\/","title":{"rendered":"Regresa el turismo de cruceros a Cozumel; confirman fechas"},"content":{"rendered":"<p> <br \/>\n<\/p>\n<div id=\"mvp-content-main\">\n<h2 id=\"h-a-partir-del-mes-de-junio-la-naviera-de-cruceros-royal-caribbean-anunci-su-regreso-a-la-isla-de-cozumel-tras-un-mes-detenido-por-el-covid\">A partir del mes de junio, la naviera de Cruceros Royal Caribbean anunci\u00f3 su regreso a la Isla de Cozumel tras un mes detenido por el covid <\/h2>\n<p>Cozumel.- El pasado 17 de marzo, se cumpli\u00f3 un a\u00f1o de que arrib\u00f3 el \u00faltimo crucero a Cozumel, este viernes el gobernador del estado, <strong>Carlos Joaqu\u00edn Gonz\u00e1lez, confirm\u00f3 que el turismo de Cruceros <\/strong>regresar\u00e1 al municipio a partir del pr\u00f3ximo mes de junio  .<\/p>\n<blockquote class=\"twitter-tweet\">\n<p lang=\"es\" dir=\"ltr\">Con el gusto de comunicarles que <a rel=\"nofollow noopener\" target=\"_blank\" href=\"https:\/\/twitter.com\/hashtag\/Cozumel?src=hash&amp;ref_src=twsrc%5Etfw\">#Cozumel<\/a> ser\u00e1 el primer destino de M\u00e9xico y el Caribe en reactivar el turismo de cruceros. Hoy <a rel=\"nofollow noopener\" target=\"_blank\" href=\"https:\/\/twitter.com\/RoyalCaribbean?ref_src=twsrc%5Etfw\">@RoyalCaribbean<\/a> anunci\u00f3 su regreso a la isla para el mes de junio. \u00a1Enhorabuena para las y los cozumele\u00f1os! No bajemos la guardia. <a rel=\"nofollow noopener\" target=\"_blank\" href=\"https:\/\/twitter.com\/hashtag\/PonteVIVO?src=hash&amp;ref_src=twsrc%5Etfw\">#PonteVIVO<\/a> <a rel=\"nofollow noopener\" target=\"_blank\" href=\"https:\/\/t.co\/IlMdnYWOs7\">pic.twitter.com\/IlMdnYWOs7<\/a><\/p>\n<p>\u2014 Carlos Joaqu\u00edn (@CarlosJoaquin) <a rel=\"nofollow noopener\" target=\"_blank\" href=\"https:\/\/twitter.com\/CarlosJoaquin\/status\/1373064551051186182?ref_src=twsrc%5Etfw\">March 20, 2021<\/a><\/p><\/blockquote>\n<p>En un mensaje que subi\u00f3 a sus redes sociales, el gobernador anunci\u00f3  las \u201c\u00a1<strong><em>buenas noticias!\u201d<\/em><\/strong> a los cozumele\u00f1os, con el retorno de la naviera <strong>Royal Caribbean <\/strong>en medio de la pandemia por el Covid-19<strong>, para el mes de junio<\/strong> aunque sin detallar la fecha exacta.<\/p>\n<p>El anunci\u00f3 tambi\u00e9n lo confirm\u00f3  el <strong>presidente municipal de Cozumel<\/strong>, Pedro Joaqu\u00edn Delbouis. <\/p>\n<p><strong><em>\u201cEl trabajo con las navieras ha sido basic para esta reactivaci\u00f3n econ\u00f3mica y tur\u00edstica; seguiremos por ese camino para alcanzar la meta de restablecer el motor econ\u00f3mico por el bien de la comunidad<\/em><\/strong>\u201c, escribi\u00f3 el edil en su cuenta de fb. <\/p>\n<p>Por su parte Royal Caribbean  <strong>ha anunciado una l\u00ednea de cruceros de verano de 7 noches<\/strong> a bordo del Journey of the Seas, que zarpa en junio desde el nuevo puerto base Nassau, Las Bahamas. <\/p>\n<blockquote class=\"twitter-tweet\">\n<p lang=\"en\" dir=\"ltr\">Newest Information: <a rel=\"nofollow noopener\" target=\"_blank\" href=\"https:\/\/twitter.com\/RoyalCaribbean?ref_src=twsrc%5Etfw\">@RoyalCaribbean<\/a> proclaims 2021 return to the Caribbean with 7-night cruises from The Bahamas on <a rel=\"nofollow noopener\" target=\"_blank\" href=\"https:\/\/twitter.com\/hashtag\/AdventureoftheSeas?src=hash&amp;ref_src=twsrc%5Etfw\">#AdventureoftheSeas<\/a>, starting June. &#x1f6a2;&#x1f1e7;&#x1f1f8;| Extra particulars: <a rel=\"nofollow noopener\" target=\"_blank\" href=\"https:\/\/t.co\/6jqznQgIbR\">https:\/\/t.co\/6jqznQgIbR<\/a> <a rel=\"nofollow noopener\" target=\"_blank\" href=\"https:\/\/t.co\/JEfgK2BPNB\">pic.twitter.com\/JEfgK2BPNB<\/a><\/p>\n<p>\u2014 Royal Caribbean PR (@RoyalCaribPR) <a rel=\"nofollow noopener\" target=\"_blank\" href=\"https:\/\/twitter.com\/RoyalCaribPR\/status\/1372943309262442497?ref_src=twsrc%5Etfw\">March 19, 2021<\/a><\/p><\/blockquote>\n<p class=\"has-text-align-center\">Te podr\u00eda interesar: <a rel=\"nofollow noopener\" target=\"_blank\" href=\"https:\/\/www.meganews.mx\/quintanaroo\/dialoga-gobierno-estatal-con-royal-caribbean-para-un-home-port\/\">Dialoga gobierno estatal con Royal Caribbean para un Home Port<\/a><\/p>\n<p><a rel=\"nofollow noopener\" target=\"_blank\" href=\"https:\/\/news.google.com\/publications\/CAAiEHymJ4JjYLZqsnfVpIZyrDUqFAgKIhB8pieCY2C2arJ31aSGcqw1?oc=3&amp;ceid=US:es-419\">S\u00edguenos en Google Noticias<\/a><\/p>\n<figure class=\"wp-block-image is-resized\"><a rel=\"nofollow noopener\" target=\"_blank\" href=\"https:\/\/chat.whatsapp.com\/JO9M37mL3TUElv9jSh60SK\"><img decoding=\"async\" src=\"https:\/\/dimensionturistica.com\/es\/wp-content\/uploads\/2021\/02\/Enero-cierra-con-tres-ataques-armados-en-la-zona-del.png\" alt=\"Noticias v\u00eda Whatsapp\" class=\"wp-image-120400\" width=\"708\" height=\"90\"  \/><\/a><\/figure>\n<\/p><\/div>\n<p><script async src=\"\/\/platform.twitter.com\/widgets.js\" charset=\"utf-8\"><\/script><script>(function(d, s, id) {\n  var js, fjs = d.getElementsByTagName(s)[0];\n  if (d.getElementById(id)) return;\n  js = d.createElement(s); js.id = id;\n  js.src=\"https:\/\/connect.facebook.net\/es_LA\/sdk.js#xfbml=1&version=v3.0&appId=264521397686403&autoLogAppEvents=1\";\n  fjs.parentNode.insertBefore(js, fjs);\n}(document, 'script', 'facebook-jssdk'));<\/script><br \/>\n<br \/><\/p>\n<p><em> &#8221; Fuentes www.meganews.mx &#8221; <\/em><\/p>\n","protected":false},"excerpt":{"rendered":"<p>A partir del mes de junio, la naviera de Cruceros Royal Caribbean anunci\u00f3 su regreso a la Isla de Cozumel tras un mes detenido por el covid Cozumel.- El pasado 17 de marzo, se cumpli\u00f3 un a\u00f1o de que arrib\u00f3 el \u00faltimo crucero a Cozumel, este viernes el gobernador del estado, Carlos Joaqu\u00edn Gonz\u00e1lez, confirm\u00f3 [&hellip;]<\/p>\n","protected":false},"author":4,"featured_media":84350,"comment_status":"open","ping_status":"closed","sticky":false,"template":"","format":"standard","meta":{"om_disable_all_campaigns":false,"jnews-multi-image_gallery":[],"jnews_single_post":[],"jnews_primary_category":[],"jnews_social_meta":[],"footnotes":""},"categories":[41],"tags":[],"class_list":["post-98941","post","type-post","status-publish","format-standard","has-post-thumbnail","hentry","category-cruceros"],"_links":{"self":[{"href":"https:\/\/dimensionturistica.com\/es\/wp-json\/wp\/v2\/posts\/98941","targetHints":{"allow":["GET"]}}],"collection":[{"href":"https:\/\/dimensionturistica.com\/es\/wp-json\/wp\/v2\/posts"}],"about":[{"href":"https:\/\/dimensionturistica.com\/es\/wp-json\/wp\/v2\/types\/post"}],"author":[{"embeddable":true,"href":"https:\/\/dimensionturistica.com\/es\/wp-json\/wp\/v2\/users\/4"}],"replies":[{"embeddable":true,"href":"https:\/\/dimensionturistica.com\/es\/wp-json\/wp\/v2\/comments?post=98941"}],"version-history":[{"count":0,"href":"https:\/\/dimensionturistica.com\/es\/wp-json\/wp\/v2\/posts\/98941\/revisions"}],"wp:featuredmedia":[{"embeddable":true,"href":"https:\/\/dimensionturistica.com\/es\/wp-json\/wp\/v2\/media\/84350"}],"wp:attachment":[{"href":"https:\/\/dimensionturistica.com\/es\/wp-json\/wp\/v2\/media?parent=98941"}],"wp:term":[{"taxonomy":"category","embeddable":true,"href":"https:\/\/dimensionturistica.com\/es\/wp-json\/wp\/v2\/categories?post=98941"},{"taxonomy":"post_tag","embeddable":true,"href":"https:\/\/dimensionturistica.com\/es\/wp-json\/wp\/v2\/tags?post=98941"}],"curies":[{"name":"wp","href":"https:\/\/api.w.org\/{rel}","templated":true}]}}