{"id":98935,"date":"2021-03-20T02:18:56","date_gmt":"2021-03-20T02:18:56","guid":{"rendered":"https:\/\/dimensionturistica.com\/es\/?p=98935"},"modified":"2021-03-20T02:18:56","modified_gmt":"2021-03-20T02:18:56","slug":"costa-rica-ya-cuenta-con-protocolos-para-recibir-cruceros-ict-preve-reanudacion-a-finales-de-ano","status":"publish","type":"post","link":"https:\/\/dimensionturistica.com\/es\/costa-rica-ya-cuenta-con-protocolos-para-recibir-cruceros-ict-preve-reanudacion-a-finales-de-ano\/","title":{"rendered":"Costa Rica ya cuenta con protocolos para recibir cruceros: ICT prev\u00e9 reanudaci\u00f3n a finales de a\u00f1o"},"content":{"rendered":"<p> <br \/>\n<\/p>\n<div id=\"\">\n<p>CRUCEROS<\/p>\n<p>18 marzo, 2021<\/p>\n<div class=\"thumb\">\n      <img decoding=\"async\" src=\"https:\/\/dimensionturistica.com\/es\/wp-content\/uploads\/2021\/03\/Costa-Rica-ya-cuenta-con-protocolos-para-recibir-cruceros-ICT.jpg\" class=\"attachment-large size-large wp-post-image\" alt=\"\"\/>    <\/div>\n<div class=\"excerpt\">\n<p>Fronteras permanecen cerradas para cruceros<\/p>\n<\/p><\/div>\n<p><strong>Por: Juan Enrique Soto Sibaja<\/strong><\/p>\n<p><a rel=\"nofollow noopener\" target=\"_blank\" href=\"https:\/\/www.monumental.co.cr\/2021\/03\/18\/costa-rica-ya-cuenta-con-protocolos-para-recibir-cruceros-ict-preve-reanudacion-a-finales-de-ano\/mailto:juan.soto@monumental.co.cr\"><strong>juan.soto@monumental.co.cr<\/strong><\/a><\/p>\n<p>Costa Rica ya cuenta con los protocolos sanitarios listos para recibir cruceros internacionales, actividad tur\u00edstica que se suspendi\u00f3 desde marzo del a\u00f1o pasado, justo finalizando la temporada alta a ra\u00edz de la pandemia del Covid-19.<\/p>\n<p>Datos del Instituto Costarricense de Turismo (ICT), revelan que entre septiembre del 2018 y agosto del 2019 arribaron al pa\u00eds 263 cruceros, mientras que de septiembre del 2019 a marzo del 2020 solo se reportaron 197.<\/p>\n<p>Gustavo Alvarado, Director de Gesti\u00f3n Tur\u00edstica del ICT, dijo que la instituci\u00f3n mantiene algunas fechas probables para la llegada de embarcaciones con turistas al pa\u00eds, sin embargo, depende de las disposiciones internacionales.<\/p>\n<figure class=\"wp-block-audio\"><audio controls=\"\" src=\"https:\/\/d1lofqbqbj927c.cloudfront.net\/monumental\/2021\/03\/CRUCEROS-ALVARADO-18-M.mp3\"\/><\/figure>\n<p>Para Marcela Mu\u00f1oz, Presidenta de la C\u00e1mara de Turismo de Puntarenas (CATUP), dijo que toman la noticia con esperanza ya que varias actividades econ\u00f3micas podr\u00edan reanudarse.<\/p>\n<figure class=\"wp-block-audio\"><audio controls=\"\" src=\"https:\/\/d1lofqbqbj927c.cloudfront.net\/monumental\/2021\/03\/CRUCEROS-MARCELA-18-M.mp3\"\/><\/figure>\n<p>R\u00f3ger Sans, Presidente de la C\u00e1mara de Turismo y Comercio Caribe Sur (CATCCAS), se\u00f1al\u00f3 que muchas familias tanto del Caribe como del Pac\u00edfico dependen de la industria de cruceros, por lo que es urgente que se reactive el sector tras un a\u00f1o de suspensi\u00f3n.<\/p>\n<figure class=\"wp-block-audio\"><audio controls=\"\" src=\"https:\/\/d1lofqbqbj927c.cloudfront.net\/monumental\/2021\/03\/CRUCEROS-CAMARA-18-M.mp3\"\/><\/figure>\n<p>En el 2020 Costa Rica recibi\u00f3 poco m\u00e1s de un mill\u00f3n de turistas, lo que representa una ca\u00edda de casi un 68% en comparaci\u00f3n con la llegada de extranjeros en 2019.<\/p>\n<div class=\"titicuponMobile\">\n<div class=\"block titicupon\">\n\t\t\t\t<a rel=\"nofollow noopener\" target=\"_blank\" href=\"https:\/\/www.titicupon.com\/titicupon\/%C2%A1date-una-escapada-manuel-antonio-estad%C3%ADa-en-shana-hotel-%E2%82%A189100\"><br \/>\n\t\t\t\t\t<img decoding=\"async\" src=\"https:\/\/dimensionturistica.com\/es\/wp-content\/uploads\/2021\/03\/1616206735_779_Costa-Rica-ya-cuenta-con-protocolos-para-recibir-cruceros-ICT.jpg\" alt=\"\"\/><br \/>\n\t\t\t\t<\/a>\n\t\t\t<\/div><\/div>\n<div class=\"titicuponMobile\">\n<div class=\"block titicupon\">\n\t\t\t\t<a rel=\"nofollow noopener\" target=\"_blank\" href=\"https:\/\/www.titicupon.com\/titicupon\/%C2%A1repar%C3%A1-una-pieza-de-tu-auto-servicio-de-enderezado-y-pintura-%E2%82%A147500\"><br \/>\n\t\t\t\t\t<img decoding=\"async\" src=\"https:\/\/dimensionturistica.com\/es\/wp-content\/uploads\/2021\/03\/1616206735_740_Costa-Rica-ya-cuenta-con-protocolos-para-recibir-cruceros-ICT.jpg\" alt=\"\"\/><br \/>\n\t\t\t\t<\/a>\n\t\t\t<\/div><\/div><\/div>\n<p><script async defer crossorigin=\"anonymous\" src=\"https:\/\/connect.facebook.net\/es_LA\/sdk.js#xfbml=1&#038;version=v5.0&#038;appId=296379937054691&#038;autoLogAppEvents=1\"><\/script><br \/>\n<br \/><\/p>\n<p><em> &#8221; Fuentes www.monumental.co.cr &#8221; <\/em><\/p>\n","protected":false},"excerpt":{"rendered":"<p>CRUCEROS 18 marzo, 2021 Fronteras permanecen cerradas para cruceros Por: Juan Enrique Soto Sibaja juan.soto@monumental.co.cr Costa Rica ya cuenta con los protocolos sanitarios listos para recibir cruceros internacionales, actividad tur\u00edstica que se suspendi\u00f3 desde marzo del a\u00f1o pasado, justo finalizando la temporada alta a ra\u00edz de la pandemia del Covid-19. Datos del Instituto Costarricense de [&hellip;]<\/p>\n","protected":false},"author":4,"featured_media":98936,"comment_status":"open","ping_status":"closed","sticky":false,"template":"","format":"standard","meta":{"om_disable_all_campaigns":false,"jnews-multi-image_gallery":[],"jnews_single_post":[],"jnews_primary_category":[],"jnews_social_meta":[],"footnotes":""},"categories":[41],"tags":[],"class_list":["post-98935","post","type-post","status-publish","format-standard","has-post-thumbnail","hentry","category-cruceros"],"_links":{"self":[{"href":"https:\/\/dimensionturistica.com\/es\/wp-json\/wp\/v2\/posts\/98935","targetHints":{"allow":["GET"]}}],"collection":[{"href":"https:\/\/dimensionturistica.com\/es\/wp-json\/wp\/v2\/posts"}],"about":[{"href":"https:\/\/dimensionturistica.com\/es\/wp-json\/wp\/v2\/types\/post"}],"author":[{"embeddable":true,"href":"https:\/\/dimensionturistica.com\/es\/wp-json\/wp\/v2\/users\/4"}],"replies":[{"embeddable":true,"href":"https:\/\/dimensionturistica.com\/es\/wp-json\/wp\/v2\/comments?post=98935"}],"version-history":[{"count":0,"href":"https:\/\/dimensionturistica.com\/es\/wp-json\/wp\/v2\/posts\/98935\/revisions"}],"wp:featuredmedia":[{"embeddable":true,"href":"https:\/\/dimensionturistica.com\/es\/wp-json\/wp\/v2\/media\/98936"}],"wp:attachment":[{"href":"https:\/\/dimensionturistica.com\/es\/wp-json\/wp\/v2\/media?parent=98935"}],"wp:term":[{"taxonomy":"category","embeddable":true,"href":"https:\/\/dimensionturistica.com\/es\/wp-json\/wp\/v2\/categories?post=98935"},{"taxonomy":"post_tag","embeddable":true,"href":"https:\/\/dimensionturistica.com\/es\/wp-json\/wp\/v2\/tags?post=98935"}],"curies":[{"name":"wp","href":"https:\/\/api.w.org\/{rel}","templated":true}]}}