{"id":98899,"date":"2021-03-20T00:22:13","date_gmt":"2021-03-20T00:22:13","guid":{"rendered":"https:\/\/dimensionturistica.com\/es\/?p=98899"},"modified":"2021-03-20T00:22:13","modified_gmt":"2021-03-20T00:22:13","slug":"federal-a-gaston-garcia-el-nuevo-refuerzo-de-crucero","status":"publish","type":"post","link":"https:\/\/dimensionturistica.com\/es\/federal-a-gaston-garcia-el-nuevo-refuerzo-de-crucero\/","title":{"rendered":"Federal A: Gast\u00f3n Garc\u00eda, el nuevo refuerzo de Crucero"},"content":{"rendered":"<p> <br \/>\n<\/p>\n<p>\n<span class=\"fecha\">viernes 19 de marzo de 2021 | 17:51hs.<\/span>\n<\/p>\n<div>\n<p>El membership Crucero del Norte sum\u00f3 este viernes un nuevo refuerzo con vistas al torneo Federal A de f\u00fatbol. Se trata del defensor Gast\u00f3n Garc\u00eda.<\/p>\n<p>El zaguero central zurdo tiene 25 a\u00f1os y llega proveniente de Flandria.\u00a0<\/p>\n<p>La incorporaci\u00f3n fue confirmada a trav\u00e9s de las redes sociales oficiales del membership misionero.\u00a0<\/p>\n<p>Seg\u00fan informaron Garc\u00eda tambi\u00e9n puede jugar tambi\u00e9n de lateral por el sector izquierdo, y llega para aportar jerarqu\u00eda a la defensa colectivera.<\/p>\n<p>Garc\u00eda debut\u00f3 en primera en All Boys d\u00f3nde estuvo entre el 2014-2018. Luego tuvo un breve paso por el f\u00fatbol de ascenso en Independiente de La Pampa, lleg\u00f3 a Flandria y hoy se convierte en la nueva incorporaci\u00f3n del equipo de Carlos Marczuk.<\/p>\n<p>\u00a0<\/p>\n<\/div>\n<p><script async type=\"c5a38942702909db63820cec-text\/javascript\">\n         function toogleSeachBar() {\n            if ($('#searchBar').is(\":visible\")) {\n               hideSearchBar();\n            } else {\n               showSearchBar();\n            }\n         }\n         function showSearchBar() {\n            $('#searchBar').show();\n            $('#menu, .header-scrolled-container, .header-scrolled-container2').hide();\n         }\n         function hideSearchBar() {\n            $('#searchBar').hide();\n            $('#menu, .header-scrolled-container, .header-scrolled-container2').show();\n         }\n            $(document).ready(function () {\n               setTimeout(() => {\n                  window.fbAsyncInit = function () {\n                     FB.init({\n                        appId: '345424459172777',\n                        autoLogAppEvents: true,\n                        xfbml: true,\n                        version: 'v8.0'\n                     });\n                  };\n                  (function (d, s, id) {\n                     var js, fjs = d.getElementsByTagName(s)[0];\n                     if (d.getElementById(id)) { return; }\n                     js = d.createElement(s); js.id = id;\n                     js.src = \"https:\/\/connect.facebook.net\/es_LA\/sdk.js\";\n                     fjs.parentNode.insertBefore(js, fjs);\n                  }(document, 'script', 'facebook-jssdk'));\n               }, 3000);\n            });\n      <\/script><br \/>\n<br \/><\/p>\n<p><em> &#8221; Fuentes www.elterritorio.com.ar &#8221; <\/em><\/p>\n","protected":false},"excerpt":{"rendered":"<p>viernes 19 de marzo de 2021 | 17:51hs. El membership Crucero del Norte sum\u00f3 este viernes un nuevo refuerzo con vistas al torneo Federal A de f\u00fatbol. Se trata del defensor Gast\u00f3n Garc\u00eda. El zaguero central zurdo tiene 25 a\u00f1os y llega proveniente de Flandria.\u00a0 La incorporaci\u00f3n fue confirmada a trav\u00e9s de las redes sociales [&hellip;]<\/p>\n","protected":false},"author":4,"featured_media":98900,"comment_status":"open","ping_status":"closed","sticky":false,"template":"","format":"standard","meta":{"om_disable_all_campaigns":false,"jnews-multi-image_gallery":[],"jnews_single_post":[],"jnews_primary_category":[],"jnews_social_meta":[],"footnotes":""},"categories":[41],"tags":[],"class_list":["post-98899","post","type-post","status-publish","format-standard","has-post-thumbnail","hentry","category-cruceros"],"_links":{"self":[{"href":"https:\/\/dimensionturistica.com\/es\/wp-json\/wp\/v2\/posts\/98899","targetHints":{"allow":["GET"]}}],"collection":[{"href":"https:\/\/dimensionturistica.com\/es\/wp-json\/wp\/v2\/posts"}],"about":[{"href":"https:\/\/dimensionturistica.com\/es\/wp-json\/wp\/v2\/types\/post"}],"author":[{"embeddable":true,"href":"https:\/\/dimensionturistica.com\/es\/wp-json\/wp\/v2\/users\/4"}],"replies":[{"embeddable":true,"href":"https:\/\/dimensionturistica.com\/es\/wp-json\/wp\/v2\/comments?post=98899"}],"version-history":[{"count":0,"href":"https:\/\/dimensionturistica.com\/es\/wp-json\/wp\/v2\/posts\/98899\/revisions"}],"wp:featuredmedia":[{"embeddable":true,"href":"https:\/\/dimensionturistica.com\/es\/wp-json\/wp\/v2\/media\/98900"}],"wp:attachment":[{"href":"https:\/\/dimensionturistica.com\/es\/wp-json\/wp\/v2\/media?parent=98899"}],"wp:term":[{"taxonomy":"category","embeddable":true,"href":"https:\/\/dimensionturistica.com\/es\/wp-json\/wp\/v2\/categories?post=98899"},{"taxonomy":"post_tag","embeddable":true,"href":"https:\/\/dimensionturistica.com\/es\/wp-json\/wp\/v2\/tags?post=98899"}],"curies":[{"name":"wp","href":"https:\/\/api.w.org\/{rel}","templated":true}]}}