{"id":98887,"date":"2021-03-19T23:49:18","date_gmt":"2021-03-19T23:49:18","guid":{"rendered":"https:\/\/dimensionturistica.com\/es\/?p=98887"},"modified":"2021-03-19T23:49:18","modified_gmt":"2021-03-19T23:49:18","slug":"la-paz-contara-con-puerto-para-cruceros-de-primer-mundo","status":"publish","type":"post","link":"https:\/\/dimensionturistica.com\/es\/la-paz-contara-con-puerto-para-cruceros-de-primer-mundo\/","title":{"rendered":"La Paz contar\u00e1 con puerto para cruceros de primer mundo"},"content":{"rendered":"<p> <br \/>\n<\/p>\n<div>\n<h2 style=\"text-align: center;\">El proyecto a\u00fan est\u00e1 en desarrollo, pero se prev\u00e9 que incluya \u00e1reas comerciales y de entretenimiento<\/h2>\n<p>\u00a0<\/p>\n<p>\u00a0<\/p>\n<p><strong>Arturo Musi Ganem<\/strong>, presidente de la Asociaci\u00f3n Mexicana de Cruceros, dio a conocer que La Paz es uno de los destinos que apunta para ser punto de impulso para el sector que representa, pues se proyecta la construcci\u00f3n de un puerto con un concepto e infraestructura de \u201c<strong>primer mundo<\/strong>\u201d, para la recepci\u00f3n de cruceros.<\/p>\n<p>Expres\u00f3 que la importancia de la capital ser\u00e1 tal, durante la reactivaci\u00f3n del mercado, que hay navieras que ya tienen reservado sus espacios en el Pichilingue para 2021.\u00a0<\/p>\n<p>Y es en este contexto, que actualmente ya hay una empresa grande, ganadora de una licitaci\u00f3n, que invertir\u00e1 millones de pesos en la construcci\u00f3n de una terminal mar\u00edtima, en el mismo <strong>puerto de Pichilingue.<\/strong>\u00a0<\/p>\n<p>Por el momento la Administraci\u00f3n Portuaria Integral prefiere mantener en privada la informaci\u00f3n de la empresa ganadora, la cual dar\u00e1 a conocer en su debido tiempo, pero <strong>Arturo Musi<\/strong> detall\u00f3 que el proyecto, que a\u00fan est\u00e1 en elaboraci\u00f3n, prev\u00e9 que adem\u00e1s del espacio de recepci\u00f3n de cruceros, se cuente con \u00e1rea de entrenamiento y otra de comercio, de tal manera que le dar\u00e1 un plus a la capital como destino tur\u00edstico.<\/p>\n<p>\u00a0<\/p>\n<p><span style=\"font-size: 10pt; color: #95a5a6;\">Foto: Ivette P\u00e9rez<\/span><\/p>\n<p>\u00a0<\/p>\n<\/div>\n\n<p><em> &#8221; Fuentes tribunadelapaz.com &#8221; <\/em><\/p>\n","protected":false},"excerpt":{"rendered":"<p>El proyecto a\u00fan est\u00e1 en desarrollo, pero se prev\u00e9 que incluya \u00e1reas comerciales y de entretenimiento \u00a0 \u00a0 Arturo Musi Ganem, presidente de la Asociaci\u00f3n Mexicana de Cruceros, dio a conocer que La Paz es uno de los destinos que apunta para ser punto de impulso para el sector que representa, pues se proyecta la [&hellip;]<\/p>\n","protected":false},"author":4,"featured_media":98888,"comment_status":"open","ping_status":"closed","sticky":false,"template":"","format":"standard","meta":{"om_disable_all_campaigns":false,"jnews-multi-image_gallery":[],"jnews_single_post":[],"jnews_primary_category":[],"jnews_social_meta":[],"footnotes":""},"categories":[41],"tags":[],"class_list":["post-98887","post","type-post","status-publish","format-standard","has-post-thumbnail","hentry","category-cruceros"],"_links":{"self":[{"href":"https:\/\/dimensionturistica.com\/es\/wp-json\/wp\/v2\/posts\/98887","targetHints":{"allow":["GET"]}}],"collection":[{"href":"https:\/\/dimensionturistica.com\/es\/wp-json\/wp\/v2\/posts"}],"about":[{"href":"https:\/\/dimensionturistica.com\/es\/wp-json\/wp\/v2\/types\/post"}],"author":[{"embeddable":true,"href":"https:\/\/dimensionturistica.com\/es\/wp-json\/wp\/v2\/users\/4"}],"replies":[{"embeddable":true,"href":"https:\/\/dimensionturistica.com\/es\/wp-json\/wp\/v2\/comments?post=98887"}],"version-history":[{"count":0,"href":"https:\/\/dimensionturistica.com\/es\/wp-json\/wp\/v2\/posts\/98887\/revisions"}],"wp:featuredmedia":[{"embeddable":true,"href":"https:\/\/dimensionturistica.com\/es\/wp-json\/wp\/v2\/media\/98888"}],"wp:attachment":[{"href":"https:\/\/dimensionturistica.com\/es\/wp-json\/wp\/v2\/media?parent=98887"}],"wp:term":[{"taxonomy":"category","embeddable":true,"href":"https:\/\/dimensionturistica.com\/es\/wp-json\/wp\/v2\/categories?post=98887"},{"taxonomy":"post_tag","embeddable":true,"href":"https:\/\/dimensionturistica.com\/es\/wp-json\/wp\/v2\/tags?post=98887"}],"curies":[{"name":"wp","href":"https:\/\/api.w.org\/{rel}","templated":true}]}}