{"id":98820,"date":"2021-03-19T21:36:11","date_gmt":"2021-03-19T21:36:11","guid":{"rendered":"https:\/\/dimensionturistica.com\/es\/?p=98820"},"modified":"2021-03-19T21:36:11","modified_gmt":"2021-03-19T21:36:11","slug":"en-julio-regresarian-cruceros-a-puerto-vallarta","status":"publish","type":"post","link":"https:\/\/dimensionturistica.com\/es\/en-julio-regresarian-cruceros-a-puerto-vallarta\/","title":{"rendered":"En julio regresar\u00edan cruceros a Puerto Vallarta"},"content":{"rendered":"<p> <br \/>\n<\/p>\n<div>\n<p>PUERTO VALLARTA, Jal., 19 de marzo de 2021.- En el mes de<br \/>\njulio, o tal vez antes, podr\u00edan regresar los cruceros a Puerto Vallarta, seg\u00fan<br \/>\ndio a conocer el agente consignatario de las navieras en Puerto Vallarta, Carlos<br \/>\nGerard Guzm\u00e1n.<\/p>\n<p>\u201cSe est\u00e1 a la espera de la confirmaci\u00f3n que reciban las<br \/>\nautoridades portuarias, de acuerdo a los planes de las principales navieras que<br \/>\nrecorren la ruta de la Riviera del Pac\u00edfico, integrada por Los Cabos-Mazatl\u00e1n y<br \/>\nPuerto Vallarta\u201d, dijo Gerard Guzm\u00e1n al explicar que esto obedece al avance del<br \/>\nproceso de vacunaci\u00f3n en los Estados Unidos.<\/p>\n<p>Aunado a ello, las medidas de bioseguridad que se han<br \/>\naplicado en Puerto Vallarta y que generan confianza entre las navieras.<\/p>\n<p>Aunque no existe una fecha exacta para su arribo, ser\u00eda el<br \/>\nCeleb Cruises, de la familia Royal Caribbean, quien sea el primer crucero<br \/>\nen arribar con pasajeros y fines recreativos a Puerto Vallarta, luego de casi<br \/>\nun a\u00f1o de que la actividad se detuvo debido a la pandemia del coronavirus.<\/p>\n<p>\u201cEn pr\u00f3ximos d\u00edas los CDC (Centros para el Management y la<br \/>\nPrevenci\u00f3n de Enfermedades de los Estados Unidos, por sus siglas en ingl\u00e9s), en<br \/>\nlos pr\u00f3ximos d\u00edas emitir\u00e1n los protocolos a seguir para que los cruceros ya<br \/>\npuedan zarpar\u201d, agreg\u00f3 Gerardo Guzm\u00e1n al adelantar que una de las medidas que<br \/>\npodr\u00edan implementarse ser\u00eda que, tanto la tripulaci\u00f3n como los pasajeros,<br \/>\ndeber\u00e1n estar vacunados contra el Covid 19, medida que, adem\u00e1s de necesaria,<br \/>\nbeneficia a los prestadores de servicios tur\u00edsticos que reciban a los<br \/>\ncruceristas en cada uno de los puertos que visiten.<\/p>\n<p>El agente consignatario llam\u00f3 al sector tur\u00edstico de Puerto<br \/>\nVallarta a no bajar la guardia en la implementaci\u00f3n de los protocolos de<br \/>\nsanidad y as\u00ed para proteger a sus colaboradores y a sus familias, \u201ctenemos que<br \/>\nser muy responsables en esta nueva normalidad\u201d, destac\u00f3.<\/p>\n<p>Adelant\u00f3 que para el 2022 diversas navieras ya est\u00e1n<br \/>\nexplorando el regresar a Puerto Vallarta todo el a\u00f1o; \u201cse trata de nuevas<br \/>\nl\u00edneas que ya lo est\u00e1n solicitando, y esa es una muy buena se\u00f1al de que el<br \/>\npr\u00f3ximo a\u00f1o nos tiene que ir mucho mejor que este porque la recuperaci\u00f3n est\u00e1<br \/>\nsiendo gradual\u201d.<\/p>\n<p>Hay que recordar, que Puerto Vallarta se ubica en el segundo<br \/>\nlugar nacional en gasto promedio de los cruceristas (poco m\u00e1s de 98 d\u00f3lares por<br \/>\npersona)), solo antecedido por Cozumel, raz\u00f3n por la cual es de suma<br \/>\nimportancia la reactivaci\u00f3n del sector que ha perdido miles de millones de<br \/>\nd\u00f3lares con la pandemia.<\/p>\n<\/div>\n<p><script>(function(d, s, id) {\n  var js, fjs = d.getElementsByTagName(s)[0];\n  if (d.getElementById(id)) return;\n  js = d.createElement(s); js.id = id;\n  js.src=\"https:\/\/connect.facebook.net\/es_LA\/sdk.js#xfbml=1&version=v3.2&appId=128492274233029&autoLogAppEvents=1\";\n  fjs.parentNode.insertBefore(js, fjs);\n}(document, 'script', 'facebook-jssdk'));<\/script><script>(function(d, s, id) {\n  var js, fjs = d.getElementsByTagName(s)[0];\n  if (d.getElementById(id)) return;\n  js = d.createElement(s); js.id = id;\n  js.src=\"https:\/\/connect.facebook.net\/es_LA\/sdk\/xfbml.customerchat.js\";\n  fjs.parentNode.insertBefore(js, fjs);\n}(document, 'script', 'facebook-jssdk'));<\/script><br \/>\n<br \/><\/p>\n<p><em> &#8221; Fuentes jalisco.quadratin.com.mx &#8221; <\/em><\/p>\n","protected":false},"excerpt":{"rendered":"<p>PUERTO VALLARTA, Jal., 19 de marzo de 2021.- En el mes de julio, o tal vez antes, podr\u00edan regresar los cruceros a Puerto Vallarta, seg\u00fan dio a conocer el agente consignatario de las navieras en Puerto Vallarta, Carlos Gerard Guzm\u00e1n. \u201cSe est\u00e1 a la espera de la confirmaci\u00f3n que reciban las autoridades portuarias, de acuerdo [&hellip;]<\/p>\n","protected":false},"author":4,"featured_media":98821,"comment_status":"open","ping_status":"closed","sticky":false,"template":"","format":"standard","meta":{"om_disable_all_campaigns":false,"jnews-multi-image_gallery":[],"jnews_single_post":[],"jnews_primary_category":[],"jnews_social_meta":[],"footnotes":""},"categories":[41],"tags":[],"class_list":["post-98820","post","type-post","status-publish","format-standard","has-post-thumbnail","hentry","category-cruceros"],"_links":{"self":[{"href":"https:\/\/dimensionturistica.com\/es\/wp-json\/wp\/v2\/posts\/98820","targetHints":{"allow":["GET"]}}],"collection":[{"href":"https:\/\/dimensionturistica.com\/es\/wp-json\/wp\/v2\/posts"}],"about":[{"href":"https:\/\/dimensionturistica.com\/es\/wp-json\/wp\/v2\/types\/post"}],"author":[{"embeddable":true,"href":"https:\/\/dimensionturistica.com\/es\/wp-json\/wp\/v2\/users\/4"}],"replies":[{"embeddable":true,"href":"https:\/\/dimensionturistica.com\/es\/wp-json\/wp\/v2\/comments?post=98820"}],"version-history":[{"count":0,"href":"https:\/\/dimensionturistica.com\/es\/wp-json\/wp\/v2\/posts\/98820\/revisions"}],"wp:featuredmedia":[{"embeddable":true,"href":"https:\/\/dimensionturistica.com\/es\/wp-json\/wp\/v2\/media\/98821"}],"wp:attachment":[{"href":"https:\/\/dimensionturistica.com\/es\/wp-json\/wp\/v2\/media?parent=98820"}],"wp:term":[{"taxonomy":"category","embeddable":true,"href":"https:\/\/dimensionturistica.com\/es\/wp-json\/wp\/v2\/categories?post=98820"},{"taxonomy":"post_tag","embeddable":true,"href":"https:\/\/dimensionturistica.com\/es\/wp-json\/wp\/v2\/tags?post=98820"}],"curies":[{"name":"wp","href":"https:\/\/api.w.org\/{rel}","templated":true}]}}