{"id":98782,"date":"2021-03-19T20:20:58","date_gmt":"2021-03-19T20:20:58","guid":{"rendered":"https:\/\/dimensionturistica.com\/es\/?p=98782"},"modified":"2021-03-19T20:20:58","modified_gmt":"2021-03-19T20:20:58","slug":"anuncian-regreso-de-cruceros-a-cozumel-en-junio","status":"publish","type":"post","link":"https:\/\/dimensionturistica.com\/es\/anuncian-regreso-de-cruceros-a-cozumel-en-junio\/","title":{"rendered":"Anuncian regreso de cruceros a Cozumel en junio"},"content":{"rendered":"<p> <br \/>\n<\/p>\n<div>\n            <!-- image --><\/p>\n<div class=\"td-post-featured-image\"><a rel=\"nofollow noopener\" target=\"_blank\" href=\"https:\/\/noticaribe.com.mx\/wp\/wp-content\/uploads\/2021\/03\/cruceros-1.jpg\" data-caption=\"\"><img decoding=\"async\" width=\"696\" height=\"464\" class=\"entry-thumb td-modal-image\" src=\"https:\/\/dimensionturistica.com\/es\/wp-content\/uploads\/2021\/03\/Anuncian-regreso-de-cruceros-a-Cozumel-en-junio.jpg\"   alt=\"\" title=\"Crucero Meraviglia se quedar\u00e1 en Cozumel hasta la noche del vie\"\/><\/a><\/div>\n<p>            <!-- content --><br \/>\n <!-- A generated by theme --> <\/p>\n<p> <!-- end A --> <\/p>\n<p><strong>COZUMEL, MX.-<\/strong> Dos d\u00edas despu\u00e9s de que se cumpli\u00f3 un a\u00f1o de la llegada del \u00faltimo crucero a Cozumel, el pasado mi\u00e9rcoles 17, el presidente municipal, <strong>Pedro Joaqu\u00edn Delbouis<\/strong> anunci\u00f3 el retorno de esas embarcaciones a la isla, en junio pr\u00f3ximo.<\/p>\n<p>El anuncio es importante si se considera que durante 2019 M\u00e9xico recibi\u00f3 dos mil 951 cruceros, de los cuales, el 46 por ciento atrac\u00f3 en Cozumel, es decir, mil 366.<\/p>\n<p>Se calcula que el pa\u00eds registr\u00f3 la llegada de ocho millones 926 mil 617 personas, de las cuales el 51.1por ciento desembarc\u00f3 en Cozumel, es decir, cuatro millones 569 mil 853 cruceristas. Ante la llegada de la pandemia de la covid-19, en 2020 s\u00f3lo se logr\u00f3 el arribo de 2 millones 300 mil turistas.<\/p>\n<p><img decoding=\"async\" data-attachment-id=\"465263\" data-permalink=\"https:\/\/noticaribe.com.mx\/2021\/03\/19\/anuncian-regreso-de-cruceros-a-cozumel-en-junio\/arriba-crucero-marina-para-efectos-humanitarios-2\/\" data-orig-file=\"https:\/\/dimensionturistica.com\/es\/wp-content\/uploads\/2021\/03\/1616185257_636_Anuncian-regreso-de-cruceros-a-Cozumel-en-junio.jpg\" data-orig-size=\"900,600\" data-comments-opened=\"1\" data-image-meta=\"{&quot;aperture&quot;:&quot;20&quot;,&quot;credit&quot;:&quot;eddier moo varguez&quot;,&quot;camera&quot;:&quot;Canon EOS 5D Mark III&quot;,&quot;caption&quot;:&quot;Cozumel, 30 mayo.- El Crucero M\/S-MARINA arribo hoy para efectos humanitarios, al transportar a 46 tripulantes de origen mexicano.nnEl navu00edo procede de Falmouth, Jamaica, y durante su estadu00eda en Cozumel, esta usando la banda exterior del muelle de Punta Langosta.&quot;,&quot;created_timestamp&quot;:&quot;1590866352&quot;,&quot;copyright&quot;:&quot;&quot;,&quot;focal_length&quot;:&quot;85&quot;,&quot;iso&quot;:&quot;640&quot;,&quot;shutter_speed&quot;:&quot;0.2&quot;,&quot;title&quot;:&quot;Arriba crucero Marina, para efectos humanitarios&quot;,&quot;orientation&quot;:&quot;0&quot;}\" data-image-title=\"Arriba crucero Marina, para efectos humanitarios\" data-image-description=\"\" data-medium-file=\"https:\/\/noticaribe.com.mx\/wp\/wp-content\/uploads\/2021\/03\/cruceros-2-300x200.jpg\" data-large-file=\"https:\/\/dimensionturistica.com\/es\/wp-content\/uploads\/2021\/03\/1616185257_636_Anuncian-regreso-de-cruceros-a-Cozumel-en-junio.jpg\" loading=\"lazy\" class=\"alignnone size-full wp-image-465263\" src=\"https:\/\/dimensionturistica.com\/es\/wp-content\/uploads\/2021\/03\/1616185257_636_Anuncian-regreso-de-cruceros-a-Cozumel-en-junio.jpg\" alt=\"\" width=\"900\" height=\"600\"  \/><\/p>\n<p>En un mensaje que subi\u00f3 a su p\u00e1gina de Fb, Pedro Joaqu\u00edn anunci\u00f3<em> \u201c\u00a1buenas noticias!\u201d a los cozumele\u00f1os, con el retorno de la naviera Royal Caribbean, en una fecha no precisada del pr\u00f3ximo mes de junio.<\/em><\/p>\n<p><em>\u201cCozumel se convierte en el primer puerto de cruceros de M\u00e9xico en recibir a los gigantes tur\u00edsticos del mar\u201d,<\/em> apunt\u00f3.<\/p>\n<p>Asimismo, destac\u00f3 que el trabajo con las navieras ha sido basic para la reactivaci\u00f3n econ\u00f3mica y tur\u00edstica de Cozumel y anunci\u00f3 que continuar\u00e1 por ese camino para alcanzar la meta de restablecer el motor de econ\u00f3mico por el bien de la comunidad. <strong>(Infoqroo)<\/strong><\/p>\n<p> <!-- A generated by theme --> <\/p>\n<p> <!-- end A --> <\/p><\/div>\n<p><script>\n  !function(f,b,e,v,n,t,s)\n  {if(f.fbq)return;n=f.fbq=function(){n.callMethod?\n  n.callMethod.apply(n,arguments):n.queue.push(arguments)};\n  if(!f._fbq)f._fbq=n;n.push=n;n.loaded=!0;n.version='2.0';\n  n.queue=[];t=b.createElement(e);t.async=!0;\n  t.src=v;s=b.getElementsByTagName(e)[0];\n  s.parentNode.insertBefore(t,s)}(window, document,'script',\n  'https:\/\/connect.facebook.net\/en_US\/fbevents.js');\n  fbq('init', '419664112071435');\n  fbq('track', 'PageView');\n<\/script><script>(function(d, s, id) {\n          var js, fjs = d.getElementsByTagName(s)[0];\n          if (d.getElementById(id)) return;\n          js = d.createElement(s); js.id = id;\n          js.src = \"https:\/\/connect.facebook.net\/es_MX\/sdk.js#xfbml=1&appId=249404798804971&version=v2.3\";\n          fjs.parentNode.insertBefore(js, fjs);\n        }(document, 'script', 'facebook-jssdk'));<\/script><br \/>\n<br \/><\/p>\n<p><em> &#8221; Fuentes noticaribe.com.mx &#8221; <\/em><\/p>\n","protected":false},"excerpt":{"rendered":"<p>COZUMEL, MX.- Dos d\u00edas despu\u00e9s de que se cumpli\u00f3 un a\u00f1o de la llegada del \u00faltimo crucero a Cozumel, el pasado mi\u00e9rcoles 17, el presidente municipal, Pedro Joaqu\u00edn Delbouis anunci\u00f3 el retorno de esas embarcaciones a la isla, en junio pr\u00f3ximo. El anuncio es importante si se considera que durante 2019 M\u00e9xico recibi\u00f3 dos mil [&hellip;]<\/p>\n","protected":false},"author":4,"featured_media":98783,"comment_status":"open","ping_status":"closed","sticky":false,"template":"","format":"standard","meta":{"om_disable_all_campaigns":false,"jnews-multi-image_gallery":[],"jnews_single_post":[],"jnews_primary_category":[],"jnews_social_meta":[],"footnotes":""},"categories":[41],"tags":[],"class_list":["post-98782","post","type-post","status-publish","format-standard","has-post-thumbnail","hentry","category-cruceros"],"_links":{"self":[{"href":"https:\/\/dimensionturistica.com\/es\/wp-json\/wp\/v2\/posts\/98782","targetHints":{"allow":["GET"]}}],"collection":[{"href":"https:\/\/dimensionturistica.com\/es\/wp-json\/wp\/v2\/posts"}],"about":[{"href":"https:\/\/dimensionturistica.com\/es\/wp-json\/wp\/v2\/types\/post"}],"author":[{"embeddable":true,"href":"https:\/\/dimensionturistica.com\/es\/wp-json\/wp\/v2\/users\/4"}],"replies":[{"embeddable":true,"href":"https:\/\/dimensionturistica.com\/es\/wp-json\/wp\/v2\/comments?post=98782"}],"version-history":[{"count":0,"href":"https:\/\/dimensionturistica.com\/es\/wp-json\/wp\/v2\/posts\/98782\/revisions"}],"wp:featuredmedia":[{"embeddable":true,"href":"https:\/\/dimensionturistica.com\/es\/wp-json\/wp\/v2\/media\/98783"}],"wp:attachment":[{"href":"https:\/\/dimensionturistica.com\/es\/wp-json\/wp\/v2\/media?parent=98782"}],"wp:term":[{"taxonomy":"category","embeddable":true,"href":"https:\/\/dimensionturistica.com\/es\/wp-json\/wp\/v2\/categories?post=98782"},{"taxonomy":"post_tag","embeddable":true,"href":"https:\/\/dimensionturistica.com\/es\/wp-json\/wp\/v2\/tags?post=98782"}],"curies":[{"name":"wp","href":"https:\/\/api.w.org\/{rel}","templated":true}]}}