{"id":987745,"date":"2025-06-04T08:56:39","date_gmt":"2025-06-04T08:56:39","guid":{"rendered":"https:\/\/dimensionturistica.com\/es\/?p=987745"},"modified":"2025-06-04T08:56:39","modified_gmt":"2025-06-04T08:56:39","slug":"mas-aventuras-y-mayor-seguridad-6-de-cada-10-espanoles-optaran-por-un-seguro-de-viaje-este-verano-2","status":"publish","type":"post","link":"https:\/\/dimensionturistica.com\/es\/mas-aventuras-y-mayor-seguridad-6-de-cada-10-espanoles-optaran-por-un-seguro-de-viaje-este-verano-2\/","title":{"rendered":"M\u00e1s aventuras y mayor seguridad: 6 de cada 10 espa\u00f1oles optar\u00e1n por un seguro de viaje este verano."},"content":{"rendered":"<h3>La Importancia de Viajar Asegurado: Tendencias para el Verano<\/h3>\n<p>El verano es sin\u00f3nimo de aventuras y escapadas. Con el incremento de las temperaturas, muchos de nosotros comenzamos a planificar nuestras vacaciones so\u00f1adas. Sin embargo, entre la emoci\u00f3n de explorar nuevos destinos y disfrutar de momentos inolvidables, surge una pregunta crucial: \u00bfestamos realmente protegidos durante nuestros viajes?<\/p>\n<p>Un reciente estudio ha revelado que cerca de un 60% de los espa\u00f1oles opta por contratar un seguro de viaje antes de embarcarse en sus aventuras estivales. Esta cifra, que nos habla de una creciente conciencia sobre la necesidad de estar preparados ante imprevistos, es un indicativo de un cambio en la manera de concebir el turismo. <\/p>\n<h4>\u00bfPor qu\u00e9 optar por un seguro de viaje?<\/h4>\n<p>A lo largo de nuestras traves\u00edas, estamos expuestos a diferentes riesgos. Un resfriado en un destino remoto, una p\u00e9rdida de equipaje o incluso una accidente inesperado pueden ocurrirle a cualquiera. El seguro de viaje no solo proporciona cobertura ante estos escenarios, sino que tambi\u00e9n nos ofrece tranquilidad, permiti\u00e9ndonos disfrutar plenamente de cada experiencia sin preocupaciones.<\/p>\n<p>Adem\u00e1s, el contexto actual, marcado por los desaf\u00edos globales que hemos enfrentado, ha reforzado la importancia de contar con una protecci\u00f3n adecuada. La posibilidad de cancelaciones, cambios en los itinerarios o situaciones sanitarias desfavorables son solo algunas de las variables que pueden complicar nuestros planes. Tener un seguro a la mano act\u00faa como un salvavidas en medio de un mar de incertidumbres.<\/p>\n<h4>Cambios en las preferencias de los viajeros<\/h4>\n<p>La creciente adopci\u00f3n de seguros de viaje revela un cambio en las actitudes de los turistas. Ahora, adem\u00e1s de buscar aventuras, muchos priorizan su seguridad y bienestar. Este fen\u00f3meno tambi\u00e9n ha llevado a las aseguradoras a adaptarse y ofrecer p\u00f3lizas m\u00e1s completas, que incluyen desde coberturas sanitarias hasta asistencia en la gesti\u00f3n de vuelos cancelados. <\/p>\n<p>Tambi\u00e9n se ha observado que los viajeros hoy en d\u00eda est\u00e1n m\u00e1s informados. Antes de elegir un destino, investigan sobre las particularidades sanitarias, las costumbres locales y, por supuesto, las opciones de seguros disponibles. As\u00ed, la preparaci\u00f3n se convierte en una parte integral del proceso de planeaci\u00f3n, donde cada detalle cuenta.<\/p>\n<h4>Viajar con responsabilidad<\/h4>\n<p>La importancia del seguro de viaje radica no solo en la protecci\u00f3n personal, sino en el compromiso con un turismo m\u00e1s responsable. Al elegir asegurarnos, contribuimos a un sector que valora la seguridad y el bienestar de las personas. Esto es especialmente relevante en un contexto donde la sostenibilidad y la \u00e9tica tur\u00edstica est\u00e1n ganando protagonismo.<\/p>\n<p>En conclusi\u00f3n, si bien la emoci\u00f3n de viajar puede nublar nuestro juicio, es fundamental recordar que la seguridad no debe ser un tema secundario. Invertir en un seguro es, al final, una decisi\u00f3n inteligente que nos permite disfrutar de cada rinc\u00f3n del mundo sabiendo que estamos protegidos ante cualquier eventualidad. As\u00ed que, antes de hacer las maletas, consideremos la posibilidad de asegurar no solo nuestras pertenencias, sino tambi\u00e9n nuestra paz mental. \u00a1Feliz viaje!<\/p>\n<p><em> &#8221; Sources www.corresponsables.com &#8221; <\/em><\/p>\n<p><em> &#8221; Fuentes www.corresponsables.com &#8221; <\/em><\/p>\n","protected":false},"excerpt":{"rendered":"<p>La Importancia de Viajar Asegurado: Tendencias para el Verano El verano es sin\u00f3nimo de aventuras y escapadas. Con el incremento de las temperaturas, muchos de nosotros comenzamos a planificar nuestras vacaciones so\u00f1adas. Sin embargo, entre la emoci\u00f3n de explorar nuevos destinos y disfrutar de momentos inolvidables, surge una pregunta crucial: \u00bfestamos realmente protegidos durante nuestros [&hellip;]<\/p>\n","protected":false},"author":4,"featured_media":987741,"comment_status":"open","ping_status":"closed","sticky":false,"template":"","format":"standard","meta":{"om_disable_all_campaigns":false,"jnews-multi-image_gallery":[],"jnews_single_post":[],"jnews_primary_category":[],"jnews_social_meta":[],"footnotes":""},"categories":[39],"tags":[5684,2924,7880,986,18737,2182,544,2873,545],"class_list":["post-987745","post","type-post","status-publish","format-standard","has-post-thumbnail","hentry","category-viajes","tag-espanoles","tag-estadisticas","tag-proteccion","tag-seguridad","tag-seguros-de-viaje","tag-tendencias","tag-turismo","tag-verano","tag-viajes"],"_links":{"self":[{"href":"https:\/\/dimensionturistica.com\/es\/wp-json\/wp\/v2\/posts\/987745","targetHints":{"allow":["GET"]}}],"collection":[{"href":"https:\/\/dimensionturistica.com\/es\/wp-json\/wp\/v2\/posts"}],"about":[{"href":"https:\/\/dimensionturistica.com\/es\/wp-json\/wp\/v2\/types\/post"}],"author":[{"embeddable":true,"href":"https:\/\/dimensionturistica.com\/es\/wp-json\/wp\/v2\/users\/4"}],"replies":[{"embeddable":true,"href":"https:\/\/dimensionturistica.com\/es\/wp-json\/wp\/v2\/comments?post=987745"}],"version-history":[{"count":0,"href":"https:\/\/dimensionturistica.com\/es\/wp-json\/wp\/v2\/posts\/987745\/revisions"}],"wp:featuredmedia":[{"embeddable":true,"href":"https:\/\/dimensionturistica.com\/es\/wp-json\/wp\/v2\/media\/987741"}],"wp:attachment":[{"href":"https:\/\/dimensionturistica.com\/es\/wp-json\/wp\/v2\/media?parent=987745"}],"wp:term":[{"taxonomy":"category","embeddable":true,"href":"https:\/\/dimensionturistica.com\/es\/wp-json\/wp\/v2\/categories?post=987745"},{"taxonomy":"post_tag","embeddable":true,"href":"https:\/\/dimensionturistica.com\/es\/wp-json\/wp\/v2\/tags?post=987745"}],"curies":[{"name":"wp","href":"https:\/\/api.w.org\/{rel}","templated":true}]}}