{"id":987743,"date":"2025-06-04T08:47:40","date_gmt":"2025-06-04T08:47:40","guid":{"rendered":"https:\/\/dimensionturistica.com\/es\/?p=987743"},"modified":"2025-06-04T08:47:40","modified_gmt":"2025-06-04T08:47:40","slug":"casi-500000-espanoles-buscan-promociones-de-vacaciones-para-este-verano","status":"publish","type":"post","link":"https:\/\/dimensionturistica.com\/es\/casi-500000-espanoles-buscan-promociones-de-vacaciones-para-este-verano\/","title":{"rendered":"Casi 500,000 espa\u00f1oles buscan promociones de vacaciones para este verano."},"content":{"rendered":"<h3>El Verano de los Viajes: Tendencias entre los Espa\u00f1oles<\/h3>\n<p>La llegada del verano en Espa\u00f1a marca un despertar de las ganas de viajar, y este a\u00f1o, las cifras hablan por s\u00ed solas. Casi medio mill\u00f3n de espa\u00f1oles se encuentra en la b\u00fasqueda activa de ofertas para aprovechar sus merecidas vacaciones estivales. Este fen\u00f3meno no solo refleja un deseo de escapismo, sino tambi\u00e9n un cambio en las din\u00e1micas del turismo tras a\u00f1os de restricciones y limitaciones.<\/p>\n<p>Con un aumento notable en la demanda, los destinos nacionales e internacionales est\u00e1n viendo un auge en las reservas. Las playas del Mediterr\u00e1neo, las monta\u00f1as de los Pirineos y las ciudades culturales est\u00e1n en el punto de mira, pero tambi\u00e9n se observa un inter\u00e9s creciente por destinos menos convencionales y emergentes. Desde la costa de Albania hasta las encantadoras aldeas de Portugal, la diversidad se ha convertido en uno de los pilares de la planificaci\u00f3n de viajes.<\/p>\n<p>Las motivaciones que impulsan a los espa\u00f1oles a viajar son variadas. Mientras que algunos buscan tranquilidad en la naturaleza, otros prefieren la agitaci\u00f3n de las ciudades llenas de vida y cultura. Este a\u00f1o, se destaca el inter\u00e9s por las experiencias \u00fanicas: desde retiros de bienestar hasta escapadas gastron\u00f3micas, las vacaciones est\u00e1n cada vez m\u00e1s orientadas a vivir momentos memorables.<\/p>\n<p>La tecnolog\u00eda tambi\u00e9n juega un papel esencial en esta nueva era de viajes. Las aplicaciones y plataformas digitales facilitan la b\u00fasqueda de ofertas y la comparaci\u00f3n de precios. Los viajeros pueden aprovechar al m\u00e1ximo su presupuesto, asegurando que cada euro se convierta en una experiencia que atesorar\u00e1n por siempre. Las redes sociales, por su parte, act\u00faan como un escaparate donde los viajeros comparten sus aventuras, inspirando a m\u00e1s personas a salir y explorar.<\/p>\n<p>Sin embargo, no toda la atenci\u00f3n se centra en los destinos. La sostenibilidad tambi\u00e9n est\u00e1 adquiriendo un protagonismo vital. Los turistas son cada vez m\u00e1s conscientes de su impacto ambiental y buscan opciones que promuevan el turismo responsable. Desde alojamientos eco-friendly hasta actividades que ayudan a preservar el entorno, la alineaci\u00f3n de los viajes con valores sostenibles se ha vuelto crucial.<\/p>\n<p>Adem\u00e1s, las agencias de viajes y los operadores tur\u00edsticos est\u00e1n adapt\u00e1ndose a estas nuevas tendencias, ofreciendo itinerarios flexibles y personalizados que responden a las demandas actuales del viajero. La posibilidad de hacer cambios en las reservas y garantizar la seguridad sanitaria ha pasado a ser un est\u00e1ndar esperado, lo que brinda tranquilidad a quienes desean planificar sus vacaciones.<\/p>\n<p>En resumen, esta temporada estival promete ser un verdadero fen\u00f3meno en las tendencias de viajes. Con espa\u00f1oles \u00e1vidos de explorar el mundo, una creciente inclinaci\u00f3n hacia el turismo responsable y el uso de la tecnolog\u00eda para optimizar experiencias, el verano se vislumbra como una oportunidad ideal para redescubrir el placer de viajar. As\u00ed que, si a\u00fan no has planificado tus vacaciones, es el momento perfecto para dejarte llevar y sumergirte en la aventura que el verano tiene reservada para ti. \u00a1Las oportunidades son infinitas!<\/p>\n<p><em> &#8221; Sources www.revistagranhotel.com &#8221; <\/em><\/p>\n<p><em> &#8221; Fuentes www.revistagranhotel.com &#8221; <\/em><\/p>\n","protected":false},"excerpt":{"rendered":"<p>El Verano de los Viajes: Tendencias entre los Espa\u00f1oles La llegada del verano en Espa\u00f1a marca un despertar de las ganas de viajar, y este a\u00f1o, las cifras hablan por s\u00ed solas. Casi medio mill\u00f3n de espa\u00f1oles se encuentra en la b\u00fasqueda activa de ofertas para aprovechar sus merecidas vacaciones estivales. Este fen\u00f3meno no solo [&hellip;]<\/p>\n","protected":false},"author":4,"featured_media":0,"comment_status":"open","ping_status":"closed","sticky":false,"template":"","format":"standard","meta":{"om_disable_all_campaigns":false,"jnews-multi-image_gallery":[],"jnews_single_post":[],"jnews_primary_category":[],"jnews_social_meta":[],"footnotes":""},"categories":[39],"tags":[30888,715,5684,4032,1610,2182,544,1861,2873,545],"class_list":["post-987743","post","type-post","status-publish","format-standard","hentry","category-viajes","tag-busqueda","tag-economia","tag-espanoles","tag-ofertas","tag-planificacion","tag-tendencias","tag-turismo","tag-vacaciones","tag-verano","tag-viajes"],"_links":{"self":[{"href":"https:\/\/dimensionturistica.com\/es\/wp-json\/wp\/v2\/posts\/987743","targetHints":{"allow":["GET"]}}],"collection":[{"href":"https:\/\/dimensionturistica.com\/es\/wp-json\/wp\/v2\/posts"}],"about":[{"href":"https:\/\/dimensionturistica.com\/es\/wp-json\/wp\/v2\/types\/post"}],"author":[{"embeddable":true,"href":"https:\/\/dimensionturistica.com\/es\/wp-json\/wp\/v2\/users\/4"}],"replies":[{"embeddable":true,"href":"https:\/\/dimensionturistica.com\/es\/wp-json\/wp\/v2\/comments?post=987743"}],"version-history":[{"count":0,"href":"https:\/\/dimensionturistica.com\/es\/wp-json\/wp\/v2\/posts\/987743\/revisions"}],"wp:attachment":[{"href":"https:\/\/dimensionturistica.com\/es\/wp-json\/wp\/v2\/media?parent=987743"}],"wp:term":[{"taxonomy":"category","embeddable":true,"href":"https:\/\/dimensionturistica.com\/es\/wp-json\/wp\/v2\/categories?post=987743"},{"taxonomy":"post_tag","embeddable":true,"href":"https:\/\/dimensionturistica.com\/es\/wp-json\/wp\/v2\/tags?post=987743"}],"curies":[{"name":"wp","href":"https:\/\/api.w.org\/{rel}","templated":true}]}}