{"id":98758,"date":"2021-03-19T19:31:08","date_gmt":"2021-03-19T19:31:08","guid":{"rendered":"https:\/\/dimensionturistica.com\/es\/?p=98758"},"modified":"2021-03-19T19:31:08","modified_gmt":"2021-03-19T19:31:08","slug":"regresan-los-cruceros-a-cozumel-anuncia-pedro-joaquin","status":"publish","type":"post","link":"https:\/\/dimensionturistica.com\/es\/regresan-los-cruceros-a-cozumel-anuncia-pedro-joaquin\/","title":{"rendered":"Regresan los cruceros a Cozumel, anuncia Pedro Joaqu\u00edn"},"content":{"rendered":"<p> <br \/>\n<\/p>\n<div>\n<p>Cozumel.- El presidente Pedro Joaqu\u00edn Delbouis anunci\u00f3 el retorno de los cruceros a la isla de Cozumel a partir de junio pr\u00f3ximo.<\/p>\n<p>\u201cBuenas noticias! Regresa Royal Caribbean International el pr\u00f3ximo mes de junio a la isla, con lo que #Cozumel se convierte en el primer puerto de cruceros de M\u00e9xico en recibir a los gigantes tur\u00edsticos del mar\u201d, inform\u00f3 hace unos minutos Pedro Joaqu\u00edn Delbouis.<\/p>\n<p>Dijo que el trabajo con las navieras ha sido basic para esta reactivaci\u00f3n econ\u00f3mica y tur\u00edstica.<\/p>\n<p>\u201cSeguiremos por ese camino para alcanzar la meta de restablecer el motor econ\u00f3mico por el bien de la comunidad\u201d puntualiz\u00f3.<\/p>\n<p>En un comunicado, la Royal Caribbean Internacional, anunci\u00f3 este d\u00eda abre una nueva ruta con puerto de salida desde Nassau en Bahamas, que recorrer\u00e1 la Gran Bahama, la isla privada CocaCay y Cozumel en M\u00e9xico.<\/p>\n<p>Las reservaciones se abren a partir del 24 de marzo y el primer viaje de siete d\u00edas zarpar\u00e1 el 7 de junio pr\u00f3ximo, a bordo del Journey of the Seas, inform\u00f3 el presidente de la Caribbean Worldwide, Michael Bayley.<\/p>\n<p>Cozumel ha sido severamente golpeado por la disaster econ\u00f3mica derivada de la pandemia por Covid-19, el turismo se desplom\u00f3 al 90 por ciento, y el turismo de cruceros que corresponde a un 60 % de lo que se capta en la isla, cay\u00f3 a cero.<\/p>\n<p>El \u00faltimo crucero que arrib\u00f3 a Cozumel fue el 17 de marzo de 2020.<\/p>\n<\/div>\n<p><script type=\"752fa76bb12de56ac45c9476-text\/javascript\">\n\t\t\t\t\twindow.fbAsyncInit = function() {\n\t\t\t\t\t\tFB.init({\n\t\t\t\t\t\t\tappId            : '348280475330978',\n\t\t\t\t\t\t\tautoLogAppEvents : true,\n\t\t\t\t\t\t\txfbml            : true,\n\t\t\t\t\t\t\tversion          : 'v3.0'\n\t\t\t\t\t\t});\n\t\t\t\t\t\tvar penciCommentCallback = function ( response ) {\n\t\t\t\t\t\t\tjQuery.ajax( {\n\t\t\t\t\t\t\t\t\ttype: 'GET',\n\t\t\t\t\t\t\t\t\tdataType: 'json',\n\t\t\t\t\t\t\t\t\turl: 'https:\/\/www.elpuntosobrelai.com\/wp-admin\/admin-ajax.php',\n\t\t\t\t\t\t\t\t\tdata: {\n\t\t\t\t\t\t\t\t\t\taction: 'penci_clear_fbcomments',\n\t\t\t\t\t\t\t\t\t\tpost_id: ''\n\t\t\t\t\t\t\t\t\t}\n\t\t\t\t\t\t\t\t}\n\t\t\t\t\t\t\t)\n\t\t\t\t\t\t};\n\t\t\t\t\t\tFB.Event.subscribe( 'comment.create', penciCommentCallback );\n\t\t\t\t\t\tFB.Event.subscribe( 'comment.remove', penciCommentCallback );\n\t\t\t\t\t};\n\t\t\t\t\t(function ( d, s, id ) {\n\t\t\t\t\t\t\tvar js, fjs = d.getElementsByTagName( s )[0];\n\t\t\t\t\t\t\tif ( d.getElementById( id ) ) {\n\t\t\t\t\t\t\t\treturn;\n\t\t\t\t\t\t\t}\n\t\t\t\t\t\t\tjs = d.createElement( s );\n\t\t\t\t\t\t\tjs.id = id;\n\t\t\t\t\t\t\tjs.src=\"https:\/\/connect.facebook.net\/es_LA\/sdk.js#xfbml=1&version=v3.0&appId=348280475330978&autoLogAppEvents=1\";\n\t\t\t\t\t\t\tfjs.parentNode.insertBefore( js, fjs );\n\t\t\t\t\t\t\twindow.fbAsyncInit = function () {\n\t\t\t\t\t\t\t\tFB.init( {\n\t\t\t\t\t\t\t\t\tappId: '348280475330978',\n\t\t\t\t\t\t\t\t\tautoLogAppEvents: true,\n\t\t\t\t\t\t\t\t\txfbml: true,\n\t\t\t\t\t\t\t\t\tversion: 'v3.0'\n\t\t\t\t\t\t\t\t} );\n\t\t\t\t\t\t\t};\n\t\t\t\t\t\t}( document, 'script', 'facebook-jssdk' ));\n\t\t\t\t<\/script><br \/>\n<br \/><\/p>\n<p><em> &#8221; Fuentes www.elpuntosobrelai.com &#8221; <\/em><\/p>\n","protected":false},"excerpt":{"rendered":"<p>Cozumel.- El presidente Pedro Joaqu\u00edn Delbouis anunci\u00f3 el retorno de los cruceros a la isla de Cozumel a partir de junio pr\u00f3ximo. \u201cBuenas noticias! Regresa Royal Caribbean International el pr\u00f3ximo mes de junio a la isla, con lo que #Cozumel se convierte en el primer puerto de cruceros de M\u00e9xico en recibir a los gigantes [&hellip;]<\/p>\n","protected":false},"author":4,"featured_media":98759,"comment_status":"open","ping_status":"closed","sticky":false,"template":"","format":"standard","meta":{"om_disable_all_campaigns":false,"jnews-multi-image_gallery":[],"jnews_single_post":[],"jnews_primary_category":[],"jnews_social_meta":[],"footnotes":""},"categories":[41],"tags":[],"class_list":["post-98758","post","type-post","status-publish","format-standard","has-post-thumbnail","hentry","category-cruceros"],"_links":{"self":[{"href":"https:\/\/dimensionturistica.com\/es\/wp-json\/wp\/v2\/posts\/98758","targetHints":{"allow":["GET"]}}],"collection":[{"href":"https:\/\/dimensionturistica.com\/es\/wp-json\/wp\/v2\/posts"}],"about":[{"href":"https:\/\/dimensionturistica.com\/es\/wp-json\/wp\/v2\/types\/post"}],"author":[{"embeddable":true,"href":"https:\/\/dimensionturistica.com\/es\/wp-json\/wp\/v2\/users\/4"}],"replies":[{"embeddable":true,"href":"https:\/\/dimensionturistica.com\/es\/wp-json\/wp\/v2\/comments?post=98758"}],"version-history":[{"count":0,"href":"https:\/\/dimensionturistica.com\/es\/wp-json\/wp\/v2\/posts\/98758\/revisions"}],"wp:featuredmedia":[{"embeddable":true,"href":"https:\/\/dimensionturistica.com\/es\/wp-json\/wp\/v2\/media\/98759"}],"wp:attachment":[{"href":"https:\/\/dimensionturistica.com\/es\/wp-json\/wp\/v2\/media?parent=98758"}],"wp:term":[{"taxonomy":"category","embeddable":true,"href":"https:\/\/dimensionturistica.com\/es\/wp-json\/wp\/v2\/categories?post=98758"},{"taxonomy":"post_tag","embeddable":true,"href":"https:\/\/dimensionturistica.com\/es\/wp-json\/wp\/v2\/tags?post=98758"}],"curies":[{"name":"wp","href":"https:\/\/api.w.org\/{rel}","templated":true}]}}