{"id":98747,"date":"2021-03-19T19:14:15","date_gmt":"2021-03-19T19:14:15","guid":{"rendered":"https:\/\/dimensionturistica.com\/es\/?p=98747"},"modified":"2021-03-19T19:14:15","modified_gmt":"2021-03-19T19:14:15","slug":"anuncia-pedro-joaquin-el-retorno-de-los-cruceros-en-junio-proximo-aqui-te-enteras-primero","status":"publish","type":"post","link":"https:\/\/dimensionturistica.com\/es\/anuncia-pedro-joaquin-el-retorno-de-los-cruceros-en-junio-proximo-aqui-te-enteras-primero\/","title":{"rendered":"Anuncia Pedro Joaqu\u00edn el retorno de los cruceros en junio pr\u00f3ximo \u00bb \u00a1 Aqu\u00ed te enteras primero !"},"content":{"rendered":"<p> <br \/>\n<\/p>\n<div>\n<p>Dos d\u00edas despu\u00e9s de que se cumpli\u00f3 un a\u00f1o de la llegada del \u00faltimo crucero a Cozumel, el pasado mi\u00e9rcoles 17, el presidente municipal Pedro Joaqu\u00edn Delbouis anunci\u00f3 el retorno de esas embarcaciones a la isla, en junio pr\u00f3ximo.<br \/>El anuncio es importante si se considera que durante 2019 M\u00e9xico recibi\u00f3 dos mil 951 cruceros, de los cuales, el 46 por ciento atrac\u00f3 en Cozumel, es decir, mil 366.<br \/>Se calcula que el pa\u00eds registr\u00f3 la llegada de ocho millones 926 mil 617 personas, de las cuales el 51.1por ciento desembarc\u00f3 en Cozumel, es decir, cuatro millones 569 mil 853 cruceristas.Ante la llegada de la pandemia de la covid-19, en 2020 s\u00f3lo se logr\u00f3 el arribo de 2 millones 300 mil turistas.<br \/>En un mensaje que subi\u00f3 a su p\u00e1gina de Fb, Pedro Joaqu\u00edn anunci\u00f3 \u201c\u00a1buenas noticias!\u201d a los cozumele\u00f1os, con el retorno de la naviera Royal Caribbean, en una fecha no precisada del pr\u00f3ximo mes de junio.<br \/>\u201cCozumel se convierte en el primer puerto de cruceros de M\u00e9xico en recibir a los gigantes tur\u00edsticos del mar\u201d, apunt\u00f3.<br \/>Asimismo, destac\u00f3 que el trabajo con las navieras ha sido elementary para la reactivaci\u00f3n econ\u00f3mica y tur\u00edstica de Cozumel y anunci\u00f3 que continuar\u00e1 por ese camino para alcanzar la meta de restablecer el motor de econ\u00f3mico por el bien de la comunidad.<\/p>\n<p>Infoqroo<\/p>\n<\/div>\n\n<p><em> &#8221; Fuentes caribempresarial.com &#8221; <\/em><\/p>\n","protected":false},"excerpt":{"rendered":"<p>Dos d\u00edas despu\u00e9s de que se cumpli\u00f3 un a\u00f1o de la llegada del \u00faltimo crucero a Cozumel, el pasado mi\u00e9rcoles 17, el presidente municipal Pedro Joaqu\u00edn Delbouis anunci\u00f3 el retorno de esas embarcaciones a la isla, en junio pr\u00f3ximo.El anuncio es importante si se considera que durante 2019 M\u00e9xico recibi\u00f3 dos mil 951 cruceros, de [&hellip;]<\/p>\n","protected":false},"author":4,"featured_media":98748,"comment_status":"open","ping_status":"closed","sticky":false,"template":"","format":"standard","meta":{"om_disable_all_campaigns":false,"jnews-multi-image_gallery":[],"jnews_single_post":[],"jnews_primary_category":[],"jnews_social_meta":[],"footnotes":""},"categories":[41],"tags":[],"class_list":["post-98747","post","type-post","status-publish","format-standard","has-post-thumbnail","hentry","category-cruceros"],"_links":{"self":[{"href":"https:\/\/dimensionturistica.com\/es\/wp-json\/wp\/v2\/posts\/98747","targetHints":{"allow":["GET"]}}],"collection":[{"href":"https:\/\/dimensionturistica.com\/es\/wp-json\/wp\/v2\/posts"}],"about":[{"href":"https:\/\/dimensionturistica.com\/es\/wp-json\/wp\/v2\/types\/post"}],"author":[{"embeddable":true,"href":"https:\/\/dimensionturistica.com\/es\/wp-json\/wp\/v2\/users\/4"}],"replies":[{"embeddable":true,"href":"https:\/\/dimensionturistica.com\/es\/wp-json\/wp\/v2\/comments?post=98747"}],"version-history":[{"count":0,"href":"https:\/\/dimensionturistica.com\/es\/wp-json\/wp\/v2\/posts\/98747\/revisions"}],"wp:featuredmedia":[{"embeddable":true,"href":"https:\/\/dimensionturistica.com\/es\/wp-json\/wp\/v2\/media\/98748"}],"wp:attachment":[{"href":"https:\/\/dimensionturistica.com\/es\/wp-json\/wp\/v2\/media?parent=98747"}],"wp:term":[{"taxonomy":"category","embeddable":true,"href":"https:\/\/dimensionturistica.com\/es\/wp-json\/wp\/v2\/categories?post=98747"},{"taxonomy":"post_tag","embeddable":true,"href":"https:\/\/dimensionturistica.com\/es\/wp-json\/wp\/v2\/tags?post=98747"}],"curies":[{"name":"wp","href":"https:\/\/api.w.org\/{rel}","templated":true}]}}