{"id":98642,"date":"2021-03-19T16:02:07","date_gmt":"2021-03-19T16:02:07","guid":{"rendered":"https:\/\/dimensionturistica.com\/es\/?p=98642"},"modified":"2021-03-19T16:02:07","modified_gmt":"2021-03-19T16:02:07","slug":"glowacki-195-8-y-okolie-199-4-en-londres","status":"publish","type":"post","link":"https:\/\/dimensionturistica.com\/es\/glowacki-195-8-y-okolie-199-4-en-londres\/","title":{"rendered":"Glowacki 195.8 y Okolie 199.4 en Londres"},"content":{"rendered":"<p> <br \/>\n<\/p>\n<div>\n<div class=\"article-title\">\n<h2>\n                                          Glowacki 195.8 y Okolie 199.4 en Londres                                        <\/h2>\n<p>\t\t\t\t\t\t\t\t\t\t<a rel=\"nofollow noopener\" target=\"_blank\" href=\"http:\/\/notifight.com\/glowacki-195.8-y-okolie-199.4-en-londres\/#\" class=\"article-icon\"><br \/>\n                                          <span class=\"text-icon\">&#x1f464;<\/span>NotiFight y Fotos de Mark Robinson\/Matchroom Boxing.                                         <\/a><\/p>\n<p>\t\t\t\t\t\t\t\t\t\t<span class=\"article-icon\"><br \/>\n                                          <span class=\"text-icon\">&#x1f554;<\/span>19.March 2021                                        <\/span>\n\t\t\t\t\t\t\t\t\t<\/div>\n<div class=\"article-big-image\">\n<div style=\"width: 608px\">\n                                        <img decoding=\"async\" src=\"https:\/\/dimensionturistica.com\/es\/wp-content\/uploads\/2021\/03\/Glowacki-1958-y-Okolie-1994-en-Londres.jpg\" style=\"max-width: 608px\" class=\"setborder\" alt=\"\" title=\"\" \/>\n                                        <\/div><\/div>\n<p>                                                                        <a rel=\"nofollow noopener\" target=\"_blank\" href=\"https:\/\/twitter.com\/NotiFight?ref_src=twsrc%5Etfw\" class=\"twitter-follow-button\" data-size=\"large\" data-show-count=\"false\">Follow @NotiFight<\/a><\/p>\n<p><span style=\"font-size: 12pt;\">El ex campe\u00f3n mundial crucero, el polaco Krzysztof Glowacki, se estar\u00e1 enfrentando al contendor brit\u00e1nico, Lawrence Okolie, por el mundial vacante crucero de la Organizaci\u00f3n Mundial de Boxeo (OMB), en la estelar de una funci\u00f3n que se realizar\u00e1 el pr\u00f3ximo s\u00e1bado, 20 de marzo, en la Area Wembley de Londres, Inglaterra.<\/span><span style=\"font-size: 12pt;\">\u00a0<\/span><\/p>\n<p><strong><span style=\"font-size: 12pt;\">La pelea, que es promocionada por Matchroom Boxing, Eddie Hearn, ser\u00e1 televisada por DAZN.<\/span><span style=\"font-size: 12pt;\">\u00a0<\/span><\/strong><\/p>\n<p><span style=\"font-size: 12pt;\">Ambos estelares superaron su compromiso con la b\u00e1scula oficial, registrando Glowacki 195.8 libras y Okolie 199.4 libras en Londres.<\/span><span style=\"font-size: 12pt;\">\u00a0<\/span><\/p>\n<p><span style=\"font-size: 12pt;\">Lawrence Okolie (15-0 y 12 KOs), de 27 a\u00f1os de edad, llegara a su primera reyerta mundialista, despu\u00e9s de noquear al belga, Yves Ngabu, en el s\u00e9ptimo asalto, para agenciarse el t\u00edtulo de Europa, en octubre del 2019 y despu\u00e9s de despedazar, en solo dos asaltos, al contendor polaco, nikodem Jezewski, el pasado mes de diciembre, en Wembley, Inglaterra.<\/span><span style=\"font-size: 12pt;\">\u00a0<\/span><\/p>\n<p><strong><span style=\"font-size: 12pt;\">Lawrence Okolie<\/span><span style=\"font-size: 12pt;\">\u00a0<\/span><\/strong><\/p>\n<p><span style=\"font-size: 12pt;\">\u201cCreo que todo es cuesti\u00f3n de tiempo. Ha sido un buen viaje llegar aqu\u00ed, y siento que es mi momento de salir y convertirme en Campe\u00f3n del Mundo. No hay nada por lo que deba estar tenso, he hecho todo el entrenamiento, as\u00ed que solo se trata de entrar y hacerlo.<\/span><span style=\"font-size: 12pt;\">\u00a0<\/span><\/p>\n<p><span style=\"font-size: 12pt;\">&#8220;Todas las dem\u00e1s cosas son extras, estoy aqu\u00ed para disfrutar mi vida lo mejor que pueda. En t\u00e9rminos de boxeo, Shane les dir\u00e1 que mi historial de entrenamiento muestra que pongo el 100% todos los d\u00edas en el gimnasio y es por eso que puedo salir y hacer lo que hago.<\/span><span style=\"font-size: 12pt;\">\u00a0<\/span><\/p>\n<p><span style=\"font-size: 12pt;\">\u201cLo m\u00e1s importante es tener confianza en uno mismo. Todo boxeador cree en s\u00ed mismo, pero yo lo llevo a otro nivel. Algunas personas lo llaman arrogancia, pero creo que si no crees en ti mismo de todo coraz\u00f3n, no podr\u00e1s subir a un escenario como este y seguir brillando. Estoy muy emocionado por el s\u00e1bado y hago lo que hay que hacer.<\/span><span style=\"font-size: 12pt;\">\u00a0<\/span><\/p>\n<p><span style=\"font-size: 12pt;\">\u201cHe hecho todo lo que tengo que hacer en los entrenamientos, as\u00ed que pase lo que pase. Sin embargo, en mi opini\u00f3n, eso no va a suceder. Necesito demostrar que estoy en un nivel superior a pesar de que mi experiencia no est\u00e1 necesariamente ah\u00ed\u201d.<\/span><span style=\"font-size: 12pt;\">\u00a0<\/span><\/p>\n<p><span style=\"font-size: 12pt;\">Krzysztof Glowacki (31-2 y 19 KOs), de 34 a\u00f1os de edad, capturo el mundial crucero de la OMB en el 2015, al vencer al serbio-alem\u00e1n, Marco Huck, para luego defenderlo una vez, con \u00e9xito, ante el ex campe\u00f3n mundial estadounidense, Steve Cunningham, y despu\u00e9s perderlo ante el campe\u00f3n mundial ucraniano, Oleksandr Usyk, en su propio patio, en Polonia, en el 2016.<\/span><span style=\"font-size: 12pt;\">\u00a0<\/span><\/p>\n<p><span style=\"font-size: 12pt;\">En noviembre del 2018, el polaco recupero el mundial OMB (interino), despu\u00e9s de vencer, por decisi\u00f3n, a Maxim Vlasov. Pero, eventualmente, lo volvi\u00f3 a perderlo, al ser noqueado, en el tercer asalto, por el let\u00f3n, Mairis Briedis, en junio del 2019, en Riga, Letonia.<\/span><span style=\"font-size: 12pt;\">\u00a0<\/span><\/p>\n<p><strong><span style=\"font-size: 12pt;\">Krzysztof Glowacki<\/span><span style=\"font-size: 12pt;\">\u00a0<\/span><\/strong><\/p>\n<p><span style=\"font-size: 12pt;\">\u201cEs un privilegio para m\u00ed, pelear\u00e9 fuerte y tengo mucha confianza para el s\u00e1bado por la noche. Okolie es un peleador invicto, as\u00ed que espero una pelea muy dura. Ser\u00e1 una pelea fuerte; te lo garantizamos para que no te lo pierdas\u201d.<\/span><span style=\"font-size: 12pt;\">\u00a0<\/span><\/p>\n<p><strong><span style=\"font-size: 12pt;\">En la misma funci\u00f3n, el campe\u00f3n de peso crucero de la Commonwealth, Chris Billam-Smith (11-1, 10 KOs), se enfrenta al campe\u00f3n de ingl\u00e9s, Deion Jumah (13-0, 7 KOs), por el t\u00edtulo vacante crucero continental de la AMB.<\/span><span style=\"font-size: 12pt;\">\u00a0<\/span><\/strong><\/p>\n<p><span style=\"font-size: 12pt;\">El campe\u00f3n internacional superwelter de la AMB, el brit\u00e1nico Anthony Fowler (13-1, 10 KOs), estar\u00e1 exponiendo su t\u00edtulo ante el espa\u00f1ol, Jorge Fortea (21-2-1, 7KOs).<\/span><span style=\"font-size: 12pt;\">\u00a0<\/span><\/p>\n<p><span style=\"font-size: 12pt;\">El prospecto somal\u00ed-brit\u00e1nico Ramla Ali (1-0) atraviesa las cuerdas por segunda vez como profesional y el ex destacado del equipo GB de Birmingham, Solomon Dacres, hace su debut profesional.<\/span><\/p>\n<p>\t\t\t\t\t\t\t\t\t<a rel=\"nofollow noopener\" target=\"_blank\" href=\"https:\/\/twitter.com\/NotiFight?ref_src=twsrc%5Etfw\" class=\"twitter-follow-button\" data-size=\"large\" data-show-count=\"false\">Follow @NotiFight<\/a><br \/>\n\t\t\t\t\t\t\t\t\t<!-- Go to www.addthis.com\/dashboard to customize your tools --> <\/p><\/div>\n<p><script async src=\"\/\/platform.twitter.com\/widgets.js\" charset=\"utf-8\"><\/script><script>\n      window.fbAsyncInit = function() {\n        FB.init({\n          appId      : '314407528671',\n          xfbml      : true,\n          version    : 'v2.3'\n        });\n      };\n      (function(d, s, id){\n         var js, fjs = d.getElementsByTagName(s)[0];\n         if (d.getElementById(id)) {return;}\n         js = d.createElement(s); js.id = id;\n         js.src = \"http:\/\/connect.facebook.net\/es_LA\/sdk\/debug.js\";\n         fjs.parentNode.insertBefore(js, fjs);\n       }(document, 'script', 'facebook-jssdk'));\n    <\/script><br \/>\n<br \/><\/p>\n<p><em> &#8221; Fuentes notifight.com &#8221; <\/em><\/p>\n","protected":false},"excerpt":{"rendered":"<p>Glowacki 195.8 y Okolie 199.4 en Londres &#x1f464;NotiFight y Fotos de Mark Robinson\/Matchroom Boxing. &#x1f554;19.March 2021 Follow @NotiFight El ex campe\u00f3n mundial crucero, el polaco Krzysztof Glowacki, se estar\u00e1 enfrentando al contendor brit\u00e1nico, Lawrence Okolie, por el mundial vacante crucero de la Organizaci\u00f3n Mundial de Boxeo (OMB), en la estelar de una funci\u00f3n que se [&hellip;]<\/p>\n","protected":false},"author":4,"featured_media":98643,"comment_status":"open","ping_status":"closed","sticky":false,"template":"","format":"standard","meta":{"om_disable_all_campaigns":false,"jnews-multi-image_gallery":[],"jnews_single_post":[],"jnews_primary_category":[],"jnews_social_meta":[],"footnotes":""},"categories":[41],"tags":[20276],"class_list":["post-98642","post","type-post","status-publish","format-standard","has-post-thumbnail","hentry","category-cruceros","tag-glowacki-195-8-y-okolie-199-4-en-londres"],"_links":{"self":[{"href":"https:\/\/dimensionturistica.com\/es\/wp-json\/wp\/v2\/posts\/98642","targetHints":{"allow":["GET"]}}],"collection":[{"href":"https:\/\/dimensionturistica.com\/es\/wp-json\/wp\/v2\/posts"}],"about":[{"href":"https:\/\/dimensionturistica.com\/es\/wp-json\/wp\/v2\/types\/post"}],"author":[{"embeddable":true,"href":"https:\/\/dimensionturistica.com\/es\/wp-json\/wp\/v2\/users\/4"}],"replies":[{"embeddable":true,"href":"https:\/\/dimensionturistica.com\/es\/wp-json\/wp\/v2\/comments?post=98642"}],"version-history":[{"count":0,"href":"https:\/\/dimensionturistica.com\/es\/wp-json\/wp\/v2\/posts\/98642\/revisions"}],"wp:featuredmedia":[{"embeddable":true,"href":"https:\/\/dimensionturistica.com\/es\/wp-json\/wp\/v2\/media\/98643"}],"wp:attachment":[{"href":"https:\/\/dimensionturistica.com\/es\/wp-json\/wp\/v2\/media?parent=98642"}],"wp:term":[{"taxonomy":"category","embeddable":true,"href":"https:\/\/dimensionturistica.com\/es\/wp-json\/wp\/v2\/categories?post=98642"},{"taxonomy":"post_tag","embeddable":true,"href":"https:\/\/dimensionturistica.com\/es\/wp-json\/wp\/v2\/tags?post=98642"}],"curies":[{"name":"wp","href":"https:\/\/api.w.org\/{rel}","templated":true}]}}