{"id":985363,"date":"2025-05-30T17:04:37","date_gmt":"2025-05-30T17:04:37","guid":{"rendered":"https:\/\/dimensionturistica.com\/es\/?p=985363"},"modified":"2025-05-30T17:04:37","modified_gmt":"2025-05-30T17:04:37","slug":"costos-de-1-6-mdp-en-viajes-de-legisladores","status":"publish","type":"post","link":"https:\/\/dimensionturistica.com\/es\/costos-de-1-6-mdp-en-viajes-de-legisladores\/","title":{"rendered":"Costos de 1.6 mdp en viajes de legisladores"},"content":{"rendered":"<h3>Destinos de Lujo: Cuando el Turismo se Encuentra con el Poder<\/h3>\n<p>En un mundo donde los viajes se han convertido en una de las mayores fuentes de conexi\u00f3n cultural y personal, hay ocasiones en que el turismo toma giros inesperados. Un reciente informe ha revelado el costo exorbitante de los viajes realizados por altos funcionarios, lo que ha reavivado el debate sobre el uso responsable de los recursos p\u00fablicos.<\/p>\n<p>Los escenarios de poder han optado por destinos ex\u00f3ticos que prometen no solo un escape del d\u00eda a d\u00eda, sino tambi\u00e9n una oportunidad para afianzar lazos internacionales. Sin embargo, esta percepci\u00f3n de lujo y exclusividad contrasta con la realidad de un pa\u00eds donde muchas personas viven en condiciones precarias. Para muchos ciudadanos, la noticia de que se destinaron m\u00e1s de 1.6 millones de pesos a viajes de senadores puede resultar desalentadora.<\/p>\n<p>Imaginemos un escenario en uno de esos destinos privilegiados: playas de arena blanca, restaurantes de alta cocina, y alojamientos de lujo. Sin embargo, detr\u00e1s de esos momentos de disfrute, se encuentra una importante responsabilidad. \u00bfHasta qu\u00e9 punto estos viajes contribuyen al bienestar de la sociedad que representan? \u00bfEs posible que estos encuentros ofrezcan beneficios tangibles a las comunidades a las que regresan?<\/p>\n<p>Los encuentros internacionales pueden ser vitales para la creaci\u00f3n de alianzas y el intercambio de ideas que benefician al pa\u00eds. Pero tambi\u00e9n es crucial que los gastos en estos viajes est\u00e9n alineados con un prop\u00f3sito claro y admirable. Cada peso invertido en turismo debe ser en pro del desarrollo social y no solo en experiencias personales extravagantes.<\/p>\n<p>Es fundamental fomentar el ecoturismo y el turismo responsable, opciones que no solo benefician a los viajeros, sino que tambi\u00e9n generan ingresos que pueden ser reinvertidos en las comunidades locales. Emprender un viaje que deje una huella positiva y que contribuya al bienestar de otros es posible. La belleza de explorar nuevos destinos debe acompa\u00f1arse de una \u00e9tica que priorice el desarrollo sobre el lujo.<\/p>\n<p>Adem\u00e1s, es esencial que los ciudadanos mantengan la mirada cr\u00edtica sobre c\u00f3mo se utilizan los recursos p\u00fablicos. La transparencia y la rendici\u00f3n de cuentas son necesarias para asegurarse de que estas experiencias viajeras no se tornen en meros placeres de unos pocos, sino en oportunidades de crecimiento para todos.<\/p>\n<p>En conclusi\u00f3n, el turismo puede ser un fen\u00f3meno con el poder de transformar sociedades y econom\u00edas, pero conlleva una gran responsabilidad. Los viajeros \u2014ya sean senadores o ciudadanos\u2014 deben recordar que cada aventura en tierras lejanas debe tambi\u00e9n traer consigo un compromiso de retorno y mejora para aquellos que se quedan en casa. Los destinos se convierten en memorias \u00fanicas, pero el verdadero legado se forja en la conexi\u00f3n genuina con los dem\u00e1s y en el respeto hacia las comunidades visitadas. El reto est\u00e1 servido: transformar cada viaje en una oportunidad de cambio.<\/p>\n<p><em> &#8221; Sources diariobasta.com &#8221; <\/em><\/p>\n<p><em> &#8221; Fuentes diariobasta.com &#8221; <\/em><\/p>\n","protected":false},"excerpt":{"rendered":"<p>Destinos de Lujo: Cuando el Turismo se Encuentra con el Poder En un mundo donde los viajes se han convertido en una de las mayores fuentes de conexi\u00f3n cultural y personal, hay ocasiones en que el turismo toma giros inesperados. Un reciente informe ha revelado el costo exorbitante de los viajes realizados por altos funcionarios, [&hellip;]<\/p>\n","protected":false},"author":4,"featured_media":985364,"comment_status":"open","ping_status":"closed","sticky":false,"template":"","format":"standard","meta":{"om_disable_all_campaigns":false,"jnews-multi-image_gallery":[],"jnews_single_post":[],"jnews_primary_category":[],"jnews_social_meta":[],"footnotes":""},"categories":[39],"tags":[5011,227008,24146,80621,9685,3721,6095,769,546,3099,3932,922,545],"class_list":["post-985363","post","type-post","status-publish","format-standard","has-post-thumbnail","hentry","category-viajes","tag-alejandro-murat","tag-camara-alta","tag-costos","tag-diario-basta","tag-extranjero","tag-gastos","tag-legislatura","tag-mexico","tag-politica","tag-pri","tag-senado-de-la-republica","tag-senadores","tag-viajes"],"_links":{"self":[{"href":"https:\/\/dimensionturistica.com\/es\/wp-json\/wp\/v2\/posts\/985363","targetHints":{"allow":["GET"]}}],"collection":[{"href":"https:\/\/dimensionturistica.com\/es\/wp-json\/wp\/v2\/posts"}],"about":[{"href":"https:\/\/dimensionturistica.com\/es\/wp-json\/wp\/v2\/types\/post"}],"author":[{"embeddable":true,"href":"https:\/\/dimensionturistica.com\/es\/wp-json\/wp\/v2\/users\/4"}],"replies":[{"embeddable":true,"href":"https:\/\/dimensionturistica.com\/es\/wp-json\/wp\/v2\/comments?post=985363"}],"version-history":[{"count":0,"href":"https:\/\/dimensionturistica.com\/es\/wp-json\/wp\/v2\/posts\/985363\/revisions"}],"wp:featuredmedia":[{"embeddable":true,"href":"https:\/\/dimensionturistica.com\/es\/wp-json\/wp\/v2\/media\/985364"}],"wp:attachment":[{"href":"https:\/\/dimensionturistica.com\/es\/wp-json\/wp\/v2\/media?parent=985363"}],"wp:term":[{"taxonomy":"category","embeddable":true,"href":"https:\/\/dimensionturistica.com\/es\/wp-json\/wp\/v2\/categories?post=985363"},{"taxonomy":"post_tag","embeddable":true,"href":"https:\/\/dimensionturistica.com\/es\/wp-json\/wp\/v2\/tags?post=985363"}],"curies":[{"name":"wp","href":"https:\/\/api.w.org\/{rel}","templated":true}]}}