{"id":985098,"date":"2025-05-30T07:22:30","date_gmt":"2025-05-30T07:22:30","guid":{"rendered":"https:\/\/dimensionturistica.com\/es\/?p=985098"},"modified":"2025-05-30T07:22:30","modified_gmt":"2025-05-30T07:22:30","slug":"el-recorrido-en-bicimad-sera-sin-costo-el-martes-3-de-junio","status":"publish","type":"post","link":"https:\/\/dimensionturistica.com\/es\/el-recorrido-en-bicimad-sera-sin-costo-el-martes-3-de-junio\/","title":{"rendered":"El recorrido en Bicimad ser\u00e1 sin costo el martes 3 de junio."},"content":{"rendered":"<h3>Descubriendo la Ciudad sobre Dos Ruedas: Bicimad Regala Recorridos en Madrid<\/h3>\n<p>Madrid, una de las capitales m\u00e1s vibrantes de Europa, no solo se define por su rica historia, su arquitectura impresionante y su vida cultural fren\u00e9tica, sino tambi\u00e9n por sus iniciativas que promueven un turismo sostenible y accesible. Un claro ejemplo es el servicio de bicicletas p\u00fablicas Bicimad, que, en un esfuerzo por fomentar la movilidad en bicicleta, ofrecer\u00e1 un d\u00eda especial donde los viajes ser\u00e1n completamente gratuitos. Esta es una fant\u00e1stica oportunidad para los turistas y locales por igual de explorar la ciudad de una manera ecol\u00f3gica y divertida.<\/p>\n<h4>Un Paseo por el Coraz\u00f3n de Madrid<\/h4>\n<p>Montarse en una bicicleta ofrece una perspectiva \u00fanica de la metr\u00f3poli. Imagina recorrer el majestuoso Parque del Retiro, perderse en las calles empedradas de Malasa\u00f1a o disfrutar de la brisa en la Casa de Campo. Con m\u00e1s de 200 estaciones a lo largo de la ciudad, Bicimad proporciona una extensa red que facilita el acceso a los lugares emblem\u00e1ticos y tambi\u00e9n a esos rincones escondidos que solo los verdaderos conocedores conocen.<\/p>\n<h4>Beneficios de un Paseo en Bicicleta<\/h4>\n<p>No s\u00f3lo se trata de la vista. El ciclismo es una forma activa y saludable de explorar. Ayuda a mejorar la condici\u00f3n f\u00edsica, reduce el estr\u00e9s y, adem\u00e1s, es una alternativa que no contamina. En un tiempo donde la conciencia ambiental es m\u00e1s crucial que nunca, optar por una bicicleta es un peque\u00f1o gesto que contribuye a un mundo m\u00e1s sostenible. Adem\u00e1s, al moverte sobre dos ruedas, puedes evitar el tr\u00e1fico y los tiempos de espera asociados al transporte p\u00fablico, haciendo que tu d\u00eda de exploraci\u00f3n sea a\u00fan m\u00e1s productivo.<\/p>\n<h4>Rutas Imperdibles<\/h4>\n<p>Si decides aprovechar esta jornada gratuita, algunas rutas son imprescindibles. La visita al hist\u00f3rico Palacio Real y la posterior parada en la Plaza de Espa\u00f1a son altamente recomendables. No olvides tambi\u00e9n dirigirte hacia el Mercado de San Miguel, donde podr\u00e1s disfrutar de la gastronom\u00eda espa\u00f1ola en un ambiente vibrante. Y para los amantes del arte, una parada en el tri\u00e1ngulo del arte \u2013 que incluye el Museo del Prado, el Reina Sof\u00eda y el Thyssen-Bornemisza \u2013 es perfecta para culminar un d\u00eda lleno de actividades.<\/p>\n<h4>Un Llamado a la Acci\u00f3n<\/h4>\n<p>Si bien este d\u00eda especial es una gran oportunidad para los que ya conocen Madrid, tambi\u00e9n invita a aquellos que nunca han considerado la bicicleta como una opci\u00f3n para moverse por la ciudad. Apuntarse a vivir esta experiencia es sencillo; solo necesitas registrarte, recoger tu bici y dejarte llevar por la aventura.<\/p>\n<p>En un mundo en constante cambio, donde la movilidad urbana est\u00e1 redefini\u00e9ndose, Bicimad no solo facilita el transporte, sino que tambi\u00e9n impulsa una nueva forma de vivir y sentir la ciudad. Aprovecha esta oportunidad no solo como un viaje f\u00edsico, sino como una forma de conectar con el pulso de Madrid. As\u00ed que, prepara tu itinerario, ponte el casco y \u00a1a pedalear!<\/p>\n<p><em> &#8221; Sources www.elimparcial.es &#8221; <\/em><\/p>\n<p><em> &#8221; Fuentes www.elimparcial.es &#8221; <\/em><\/p>\n","protected":false},"excerpt":{"rendered":"<p>Descubriendo la Ciudad sobre Dos Ruedas: Bicimad Regala Recorridos en Madrid Madrid, una de las capitales m\u00e1s vibrantes de Europa, no solo se define por su rica historia, su arquitectura impresionante y su vida cultural fren\u00e9tica, sino tambi\u00e9n por sus iniciativas que promueven un turismo sostenible y accesible. Un claro ejemplo es el servicio de [&hellip;]<\/p>\n","protected":false},"author":4,"featured_media":805802,"comment_status":"open","ping_status":"closed","sticky":false,"template":"","format":"standard","meta":{"om_disable_all_campaigns":false,"jnews-multi-image_gallery":[],"jnews_single_post":[],"jnews_primary_category":[],"jnews_social_meta":[],"footnotes":""},"categories":[39],"tags":[1644,16067,64332,724,19303,3454,700,9330,16066,6352,653,545],"class_list":["post-985098","post","type-post","status-publish","format-standard","has-post-thumbnail","hentry","category-viajes","tag-1644","tag-bicicletas","tag-bicimad","tag-eventos","tag-gratuitos","tag-junio","tag-madrid","tag-martes","tag-movilidad-sostenible","tag-seran","tag-transporte","tag-viajes"],"_links":{"self":[{"href":"https:\/\/dimensionturistica.com\/es\/wp-json\/wp\/v2\/posts\/985098","targetHints":{"allow":["GET"]}}],"collection":[{"href":"https:\/\/dimensionturistica.com\/es\/wp-json\/wp\/v2\/posts"}],"about":[{"href":"https:\/\/dimensionturistica.com\/es\/wp-json\/wp\/v2\/types\/post"}],"author":[{"embeddable":true,"href":"https:\/\/dimensionturistica.com\/es\/wp-json\/wp\/v2\/users\/4"}],"replies":[{"embeddable":true,"href":"https:\/\/dimensionturistica.com\/es\/wp-json\/wp\/v2\/comments?post=985098"}],"version-history":[{"count":0,"href":"https:\/\/dimensionturistica.com\/es\/wp-json\/wp\/v2\/posts\/985098\/revisions"}],"wp:featuredmedia":[{"embeddable":true,"href":"https:\/\/dimensionturistica.com\/es\/wp-json\/wp\/v2\/media\/805802"}],"wp:attachment":[{"href":"https:\/\/dimensionturistica.com\/es\/wp-json\/wp\/v2\/media?parent=985098"}],"wp:term":[{"taxonomy":"category","embeddable":true,"href":"https:\/\/dimensionturistica.com\/es\/wp-json\/wp\/v2\/categories?post=985098"},{"taxonomy":"post_tag","embeddable":true,"href":"https:\/\/dimensionturistica.com\/es\/wp-json\/wp\/v2\/tags?post=985098"}],"curies":[{"name":"wp","href":"https:\/\/api.w.org\/{rel}","templated":true}]}}