{"id":98468,"date":"2021-03-19T06:51:13","date_gmt":"2021-03-19T06:51:13","guid":{"rendered":"https:\/\/dimensionturistica.com\/es\/?p=98468"},"modified":"2021-03-19T06:51:13","modified_gmt":"2021-03-19T06:51:13","slug":"azucena-lopez-legorreta-noticias-va-de-nuez","status":"publish","type":"post","link":"https:\/\/dimensionturistica.com\/es\/azucena-lopez-legorreta-noticias-va-de-nuez\/","title":{"rendered":"Azucena L\u00f3pez Legorreta \u2013 Noticias Va de Nuez"},"content":{"rendered":"<p> <br \/>\n<\/p>\n<div>\n<p><!-- Quick Adsense WordPress Plugin: http:\/\/quickadsense.com\/ --><\/p>\n<p>\u2022 Encabeza pega de \u201cLochocalcaas\u201d en el crucero de la Diana Cazadora.<\/p>\n<p>\u201cLocho siendo Gobernador gracias a la confianza de la gente este 6 de junio y yo, como Presidenta del DIF Estatal, todos los programas sociales que impulsamos a trav\u00e9s del municipio que tanto han beneficiado, y m\u00e1s que habremos de crear en beneficio de las familias, los implementaremos en Villa de \u00c1lvarez, porque Villa de \u00c1lvarez quiere su Procuradur\u00eda de Protecci\u00f3n a la ni\u00f1ez, porque quiere su Casa CaraCol y quiere que los adultos mayores en abandono tengan una vida digna\u00bb, expres\u00f3 Azucena L\u00f3pez Legorreta, durante la pega de \u201cLochocalcas\u201d en dicho municipio.<\/p>\n<p>Es as\u00ed como una tarde de fiesta naranja se disfrut\u00f3 en el crucero de la Diana Cazadora, donde militantes y simpatizantes de Movimiento Ciudadano encabezados por Azucena L\u00f3pez Legorreta, se dieron cita para llevar a cabo la pega de \u201cLochocalcas\u201d, adem\u00e1s, se estableci\u00f3 contacto directo con la ciudadan\u00eda sintiendo la fuerza de los villalvarenses al trasmitir el mensaje pol\u00edtico del proyecto ganador que encabeza Locho Mor\u00e1n, candidato al Gobierno del Estado por Movimiento Ciudadano.<\/p>\n<p><!-- Quick Adsense WordPress Plugin: http:\/\/quickadsense.com\/ --><\/p>\n<p>\u201cEn Villa de \u00c1lvarez sentimos la fuerza de los ciudadanos ante el proyecto ganador de Locho Mor\u00e1n quien ha demostrado en los hechos, su convicci\u00f3n por servir, por ayudar a quienes menos tienen, por buscar el desarrollo econ\u00f3mico y social del Estado, como lo hizo en el municipio y que de igual forma, habremos de trabajar por los sectores m\u00e1s vulnerables del Estado, porque esa ha sido nuestra convicci\u00f3n, de darles una vida digna a quienes viven en el abandono y la vulnerabilidad social\u201d, enfatiz\u00f3.<\/p>\n<p>Azucena L\u00f3pez, durante la pega de calcas, en un ambiente de alegr\u00eda, confianza y mucho entusiasmo, tuvo acercamiento con las y los ciudadanos para hablarles del por qu\u00e9 confiar en Locho Mor\u00e1n; \u00abLocho ha demostrado su convicci\u00f3n y amor por Colima, y Villa de \u00c1lvarez no es la excepci\u00f3n, es un municipio conurbado que con la confianza ciudadana, habr\u00e1 de tener el desarrollo que tanto ha reclamado, con oportunidades para todas y todos\u201d.<\/p>\n<p><!-- Quick Adsense WordPress Plugin: http:\/\/quickadsense.com\/ --><\/p>\n<div class=\"sharedaddy sd-block sd-like jetpack-likes-widget-wrapper jetpack-likes-widget-unloaded\" id=\"like-post-wrapper-139545362-196163-605445b9eff49\" data-src=\"https:\/\/widgets.wp.com\/likes\/#blog_id=139545362&amp;post_id=196163&amp;origin=vadenuez.info&amp;obj_id=139545362-196163-605445b9eff49\" data-name=\"like-post-frame-139545362-196163-605445b9eff49\">\n<h3 class=\"sd-title\">Me gusta esto:<\/h3>\n<p><span class=\"button\"><span>Me gusta<\/span><\/span> <span class=\"loading\">Cargando&#8230;<\/span><\/p>\n<p><span class=\"sd-text-color\"\/><a rel=\"nofollow noopener\" target=\"_blank\" class=\"sd-link-color\"><\/div>\n<p><h3 class=\"jp-relatedposts-headline\"><em>Relacionado<\/em><\/h3>\n<\/p><\/div>\n\n<p><em> &#8221; Fuentes vadenuez.info &#8221; <\/em><\/p>\n","protected":false},"excerpt":{"rendered":"<p>\u2022 Encabeza pega de \u201cLochocalcaas\u201d en el crucero de la Diana Cazadora. \u201cLocho siendo Gobernador gracias a la confianza de la gente este 6 de junio y yo, como Presidenta del DIF Estatal, todos los programas sociales que impulsamos a trav\u00e9s del municipio que tanto han beneficiado, y m\u00e1s que habremos de crear en beneficio [&hellip;]<\/p>\n","protected":false},"author":4,"featured_media":98469,"comment_status":"open","ping_status":"closed","sticky":false,"template":"","format":"standard","meta":{"om_disable_all_campaigns":false,"jnews-multi-image_gallery":[],"jnews_single_post":[],"jnews_primary_category":[],"jnews_social_meta":[],"footnotes":""},"categories":[41],"tags":[],"class_list":["post-98468","post","type-post","status-publish","format-standard","has-post-thumbnail","hentry","category-cruceros"],"_links":{"self":[{"href":"https:\/\/dimensionturistica.com\/es\/wp-json\/wp\/v2\/posts\/98468","targetHints":{"allow":["GET"]}}],"collection":[{"href":"https:\/\/dimensionturistica.com\/es\/wp-json\/wp\/v2\/posts"}],"about":[{"href":"https:\/\/dimensionturistica.com\/es\/wp-json\/wp\/v2\/types\/post"}],"author":[{"embeddable":true,"href":"https:\/\/dimensionturistica.com\/es\/wp-json\/wp\/v2\/users\/4"}],"replies":[{"embeddable":true,"href":"https:\/\/dimensionturistica.com\/es\/wp-json\/wp\/v2\/comments?post=98468"}],"version-history":[{"count":0,"href":"https:\/\/dimensionturistica.com\/es\/wp-json\/wp\/v2\/posts\/98468\/revisions"}],"wp:featuredmedia":[{"embeddable":true,"href":"https:\/\/dimensionturistica.com\/es\/wp-json\/wp\/v2\/media\/98469"}],"wp:attachment":[{"href":"https:\/\/dimensionturistica.com\/es\/wp-json\/wp\/v2\/media?parent=98468"}],"wp:term":[{"taxonomy":"category","embeddable":true,"href":"https:\/\/dimensionturistica.com\/es\/wp-json\/wp\/v2\/categories?post=98468"},{"taxonomy":"post_tag","embeddable":true,"href":"https:\/\/dimensionturistica.com\/es\/wp-json\/wp\/v2\/tags?post=98468"}],"curies":[{"name":"wp","href":"https:\/\/api.w.org\/{rel}","templated":true}]}}