{"id":98438,"date":"2021-03-19T05:41:03","date_gmt":"2021-03-19T05:41:03","guid":{"rendered":"https:\/\/dimensionturistica.com\/es\/?p=98438"},"modified":"2021-03-19T05:41:03","modified_gmt":"2021-03-19T05:41:03","slug":"el-patronato-de-turismo-centralizara-en-un-sola-web-toda-la-oferta-turistica-de-castellon","status":"publish","type":"post","link":"https:\/\/dimensionturistica.com\/es\/el-patronato-de-turismo-centralizara-en-un-sola-web-toda-la-oferta-turistica-de-castellon\/","title":{"rendered":"El Patronato de Turismo centralizar\u00e1 en un sola web toda la oferta tur\u00edstica de Castell\u00f3n"},"content":{"rendered":"<p> <br \/>\n<\/p>\n<div>\n<p>CASTELL\u00d3. (EP). La Diputaci\u00f3n de Castell\u00f3n est\u00e1 trabajando en la definici\u00f3n de una nueva plataforma digital que englobe en un mismo espacio toda la oferta tur\u00edstica de la provincia. La finalidad de esta net, que sustituir\u00e1 a la precise www.turismodecastellon.com, es convertirse en una herramienta \u00fatil tanto para las personas que est\u00e9n interesadas en conocer Castell\u00f3n como para el sector en su conjunto, que ganar\u00e1 una &#8220;potente&#8221; ventana de difusi\u00f3n y comercializaci\u00f3n de productos tur\u00edsticos, seg\u00fan ha informado la instituci\u00f3n provincial en un comunicado.<\/p>\n<p>El presidente de la instituci\u00f3n, <strong>Jos\u00e9 Mart\u00ed<\/strong>, ha anunciado ante el pleno del Patronato de Turismo que la nueva presencia de las comarcas castellonenses en la purple ganar\u00e1 la funci\u00f3n de &#8216;paquetizaci\u00f3n de vacaciones&#8217;, lo que dar\u00e1 al viajero la posibilidad de ampliar y enriquecer su estancia en establecimientos hoteleros de la provincia con experiencias y actividades complementarias.<\/p>\n<p>&#8220;Llevamos meses trabajando en el concepto de &#8216;turismo de experiencias&#8217; para adaptarlo a nuestra tierra. Estamos reinvent\u00e1ndonos para presentar una oferta tur\u00edstica diferente a la del resto para crecer en n\u00famero de visitas y pernoctaciones y, por qu\u00e9 no, convertirnos en una de los destinos preferidos de los turistas de la costa espa\u00f1ola&#8221;, ha a\u00f1adido.<\/p>\n<p>El primer paso para materializar este proyecto se ha dado este jueves con la aprobaci\u00f3n, por unanimidad de todos los presentes, de la propuesta de incorporaci\u00f3n al presupuesto del Patronato de Turismo de 290.000 euros &#8216;additional&#8217; para ejecutar nuevas acciones que vitaminen y potencien la oferta y el sector tur\u00edstico de la provincia. Este acuerdo tendr\u00e1 que pasar ahora por el pleno de la Diputaci\u00f3n, que deber\u00e1 de validar el incremento propuesto. Con \u00e9l, el Patronato de Turismo contar\u00e1 este a\u00f1o con casi seis millones de euros.<\/p>\n<p>La diputada provincial de Turismo, <strong>Virginia Mart\u00ed<\/strong>, ha desgranado algunos de los aspectos m\u00e1s relevantes del proyecto. El principal de ellos es que se contar\u00e1 con turoperadores para mejorar la presencia de la oferta vacacional de la provincia y abrir la posibilidad de reservas en l\u00ednea. Virginia Mart\u00ed ha explicado que no se puede ir de espaldas a los sectores productivos cuando se habla de recuperar la econom\u00eda, por eso -ha dicho- se plantea este instrumento de cooperaci\u00f3n p\u00fablico-privado que har\u00e1 que crezca la industria tur\u00edstica.<\/p>\n<h4>Renovaci\u00f3n de la net de &#8216;Castell\u00f3 Ruta de Sabor&#8217;<\/h4>\n<p>Con la introducci\u00f3n de mayores recursos a los fondos del Patronato tambi\u00e9n se activar\u00e1 el proyecto de renovaci\u00f3n de la imagen y las funcionalidades de la net de &#8216;Castell\u00f3 Ruta de Sabor&#8217;. Seg\u00fan ha explicado la titular de Turismo, el portal dejar\u00e1 de ser eminentemente informativo para convertirse en una plataforma de comercializaci\u00f3n -marketplace- para las empresas adheridas a la marca gastron\u00f3mica de la Diputaci\u00f3n.<\/p>\n<p>&#8220;Estamos estudiando ampliar las ventajas de formar parte de &#8216;Castell\u00f3 Ruta de Sabor&#8217; para que su inter\u00e9s contin\u00fae creciendo entre los sectores agroalimentario y tur\u00edstico de Castell\u00f3n, y una de ellas tiene que ser la posibilidad de contar con las \u00faltimas tecnolog\u00edas para vender m\u00e1s all\u00e1 de su zona de referencia, lo que les permitir\u00e1 sumar nuevas oportunidades de crecimiento&#8221;, ha apuntado Virginia Mart\u00ed.<\/p>\n<p>En el transcurso de la sesi\u00f3n plenaria, Virginia Mart\u00ed ha avanzado que este a\u00f1o se elaborar\u00e1 y aprobar\u00e1 el plan estrat\u00e9gico de turismo de la provincia &#8220;desde un enfoque centrado en la captaci\u00f3n de fondos europeos&#8221;. Dentro del orden del d\u00eda tambi\u00e9n se ha dado luz verde a la concreci\u00f3n de las bases y a la convocatoria de subvenciones a ayuntamientos para la organizaci\u00f3n de fiestas declaradas de inter\u00e9s tur\u00edstico.<\/p>\n<\/div>\n\n<p><em> &#8221; Fuentes castellonplaza.com &#8221; <\/em><\/p>\n","protected":false},"excerpt":{"rendered":"<p>CASTELL\u00d3. (EP). La Diputaci\u00f3n de Castell\u00f3n est\u00e1 trabajando en la definici\u00f3n de una nueva plataforma digital que englobe en un mismo espacio toda la oferta tur\u00edstica de la provincia. La finalidad de esta net, que sustituir\u00e1 a la precise www.turismodecastellon.com, es convertirse en una herramienta \u00fatil tanto para las personas que est\u00e9n interesadas en conocer [&hellip;]<\/p>\n","protected":false},"author":4,"featured_media":98439,"comment_status":"open","ping_status":"closed","sticky":false,"template":"","format":"standard","meta":{"om_disable_all_campaigns":false,"jnews-multi-image_gallery":[],"jnews_single_post":[],"jnews_primary_category":[],"jnews_social_meta":[],"footnotes":""},"categories":[40],"tags":[20239,18109,544,373],"class_list":["post-98438","post","type-post","status-publish","format-standard","has-post-thumbnail","hentry","category-industria","tag-castelln","tag-patronato","tag-turismo","tag-web"],"_links":{"self":[{"href":"https:\/\/dimensionturistica.com\/es\/wp-json\/wp\/v2\/posts\/98438","targetHints":{"allow":["GET"]}}],"collection":[{"href":"https:\/\/dimensionturistica.com\/es\/wp-json\/wp\/v2\/posts"}],"about":[{"href":"https:\/\/dimensionturistica.com\/es\/wp-json\/wp\/v2\/types\/post"}],"author":[{"embeddable":true,"href":"https:\/\/dimensionturistica.com\/es\/wp-json\/wp\/v2\/users\/4"}],"replies":[{"embeddable":true,"href":"https:\/\/dimensionturistica.com\/es\/wp-json\/wp\/v2\/comments?post=98438"}],"version-history":[{"count":0,"href":"https:\/\/dimensionturistica.com\/es\/wp-json\/wp\/v2\/posts\/98438\/revisions"}],"wp:featuredmedia":[{"embeddable":true,"href":"https:\/\/dimensionturistica.com\/es\/wp-json\/wp\/v2\/media\/98439"}],"wp:attachment":[{"href":"https:\/\/dimensionturistica.com\/es\/wp-json\/wp\/v2\/media?parent=98438"}],"wp:term":[{"taxonomy":"category","embeddable":true,"href":"https:\/\/dimensionturistica.com\/es\/wp-json\/wp\/v2\/categories?post=98438"},{"taxonomy":"post_tag","embeddable":true,"href":"https:\/\/dimensionturistica.com\/es\/wp-json\/wp\/v2\/tags?post=98438"}],"curies":[{"name":"wp","href":"https:\/\/api.w.org\/{rel}","templated":true}]}}