{"id":98350,"date":"2021-03-19T00:59:09","date_gmt":"2021-03-19T00:59:09","guid":{"rendered":"https:\/\/dimensionturistica.com\/es\/?p=98350"},"modified":"2021-03-19T00:59:09","modified_gmt":"2021-03-19T00:59:09","slug":"linea-de-cruceros-britanica-exige-vacunarse-para-subir-a-sus-barcos-diario-version-final","status":"publish","type":"post","link":"https:\/\/dimensionturistica.com\/es\/linea-de-cruceros-britanica-exige-vacunarse-para-subir-a-sus-barcos-diario-version-final\/","title":{"rendered":"L\u00ednea de cruceros brit\u00e1nica exige vacunarse para subir a sus barcos \u2013 Diario Versi\u00f3n Final"},"content":{"rendered":"<p> <br \/>\n<\/p>\n<div>\n<p>Cuando el mundo parece intentar regresar a la normalidad, la l\u00ednea de cruceros P&amp;O anuncia que\u00a0abrir\u00e1 viajes cortos en el Reino Unido entre los meses de junio y septiembre.<\/p>\n<p>El\u00a0presidente de P&amp;O Cruises, Paul Ludlow, adelant\u00f3 que \u201ccomo inicio de la muy especial temporada inaugural de Iona, la nueva serie de vacaciones Ultimate Escape incluir\u00e1 un memorable viaje inaugural de siete noches navegando por las islas escocesas\u201d.<\/p>\n<p>Los precios comienzan desde \u00a3449 por persona para un crucero de tres noches en Britannia, mientras que el viaje inaugural de siete noches del Iona costar\u00e1 desde \u00a31.199 por persona.<\/p>\n<p>Aclaran que, dado el avance del programa de vacunaci\u00f3n del Reino Unido y la preferencia expresada por sus hu\u00e9spedes por esta serie limitada de cruceros costeros, estos viajes en Britannia e Iona ser\u00e1n solo para residentes brit\u00e1nicos vacunados.<\/p>\n<p><iframe id=\"instagram-embed-0\" class=\"instagram-media sbi-embed instagram-media-rendered\" src=\"https:\/\/www.instagram.com\/p\/CMiHtndrxHU\/embed\/captioned\/?cr=1&amp;v=13&amp;wp=658&amp;rd=https%3A%2F%2F800noticias.com&amp;rp=%2Flinea-de-cruceros-britanica-exige-vacunarse-para-subir-a-sus-barcos#%7B%22ci%22%3A0%2C%22os%22%3A5536.000000000058%7D\" height=\"1055\" frameborder=\"0\" scrolling=\"no\" allowfullscreen=\"allowfullscreen\" data-instgrm-payload-id=\"instagram-media-payload-0\" data-mce-fragment=\"1\"><\/iframe><\/p>\n<\/div>\n<p><script>\n\t\t\t(function () {\n    function appendFbScript() {\n        var js, id = 'facebook-jssdk',\n            fjs = document.getElementsByTagName('script')[0];\n        if (document.getElementById(id)) return;\n        js = document.createElement('script');\n        js.id = id;\n        js.src = \"https:\/\/connect.facebook.net\/es_LA\/sdk.js#xfbml=1&appId=1444278882508379&version=v2.0\";\n        fjs.parentNode.insertBefore(js, fjs);\n        window.fbAsyncInit = function () {\n            FB.init({\n                appId: '1444278882508379',\n                xfbml: true,\n                version: 'v2.0'\n            });\n            FB.Event.subscribe('comment.create', function (comment_data) {\n                console.log(comment_data);\n                update_comments_count();\n            });\n            FB.Event.subscribe('comment.remove', function (comment_data) {\n                update_comments_count();\n            });\n            function update_comments_count(comment_data, comment_action) {\n                jQuery.ajax({\n                        type: 'GET',\n                        dataType: 'json',\n                        url: 'https:\/\/versionfinal.com.ve\/wp-admin\/admin-ajax.php',\n                        data: {\n                            action: 'clear_better_facebook_comments',\n                            post_id: '941707'\n                        },\n                        success: function (data) {\n                            \/\/ todo sync comments count here! data have the counts\n                        },\n                        error: function (i, b) {\n                            \/\/ todo\n                        }\n                    }\n                )\n            };\n        };\n        appendFbScript();\n    }\n    appendFbScript();\n})();\n\t\t<\/script><script async defer src=\"https:\/\/platform.instagram.com\/en_US\/embeds.js\"><\/script><br \/>\n<br \/><\/p>\n<p><em> &#8221; Fuentes versionfinal.com.ve &#8221; <\/em><\/p>\n","protected":false},"excerpt":{"rendered":"<p>Cuando el mundo parece intentar regresar a la normalidad, la l\u00ednea de cruceros P&amp;O anuncia que\u00a0abrir\u00e1 viajes cortos en el Reino Unido entre los meses de junio y septiembre. El\u00a0presidente de P&amp;O Cruises, Paul Ludlow, adelant\u00f3 que \u201ccomo inicio de la muy especial temporada inaugural de Iona, la nueva serie de vacaciones Ultimate Escape incluir\u00e1 [&hellip;]<\/p>\n","protected":false},"author":4,"featured_media":98351,"comment_status":"open","ping_status":"closed","sticky":false,"template":"","format":"standard","meta":{"om_disable_all_campaigns":false,"jnews-multi-image_gallery":[],"jnews_single_post":[],"jnews_primary_category":[],"jnews_social_meta":[],"footnotes":""},"categories":[41],"tags":[],"class_list":["post-98350","post","type-post","status-publish","format-standard","has-post-thumbnail","hentry","category-cruceros"],"_links":{"self":[{"href":"https:\/\/dimensionturistica.com\/es\/wp-json\/wp\/v2\/posts\/98350","targetHints":{"allow":["GET"]}}],"collection":[{"href":"https:\/\/dimensionturistica.com\/es\/wp-json\/wp\/v2\/posts"}],"about":[{"href":"https:\/\/dimensionturistica.com\/es\/wp-json\/wp\/v2\/types\/post"}],"author":[{"embeddable":true,"href":"https:\/\/dimensionturistica.com\/es\/wp-json\/wp\/v2\/users\/4"}],"replies":[{"embeddable":true,"href":"https:\/\/dimensionturistica.com\/es\/wp-json\/wp\/v2\/comments?post=98350"}],"version-history":[{"count":0,"href":"https:\/\/dimensionturistica.com\/es\/wp-json\/wp\/v2\/posts\/98350\/revisions"}],"wp:featuredmedia":[{"embeddable":true,"href":"https:\/\/dimensionturistica.com\/es\/wp-json\/wp\/v2\/media\/98351"}],"wp:attachment":[{"href":"https:\/\/dimensionturistica.com\/es\/wp-json\/wp\/v2\/media?parent=98350"}],"wp:term":[{"taxonomy":"category","embeddable":true,"href":"https:\/\/dimensionturistica.com\/es\/wp-json\/wp\/v2\/categories?post=98350"},{"taxonomy":"post_tag","embeddable":true,"href":"https:\/\/dimensionturistica.com\/es\/wp-json\/wp\/v2\/tags?post=98350"}],"curies":[{"name":"wp","href":"https:\/\/api.w.org\/{rel}","templated":true}]}}