{"id":98333,"date":"2021-03-19T00:31:15","date_gmt":"2021-03-19T00:31:15","guid":{"rendered":"https:\/\/dimensionturistica.com\/es\/?p=98333"},"modified":"2021-03-19T00:31:15","modified_gmt":"2021-03-19T00:31:15","slug":"el-nuevo-puerto-de-playa-blanca-recibira-cruceros-tui-confirma-que-quiere-hacer-escalas","status":"publish","type":"post","link":"https:\/\/dimensionturistica.com\/es\/el-nuevo-puerto-de-playa-blanca-recibira-cruceros-tui-confirma-que-quiere-hacer-escalas\/","title":{"rendered":"El nuevo puerto de Playa Blanca recibir\u00e1 cruceros: TUI confirma que quiere hacer escalas"},"content":{"rendered":"<p> <br \/>\n<\/p>\n<div>\n<p>El nuevo puerto de Playa Blanca todav\u00eda no se ha terminado pero ya despierta inter\u00e9s. Una de las grandes inc\u00f3gnitas period si atracar\u00edan cruceros en el nuevo muelle. El Gobierno de Canarias da por hecho que la respuesta es afirmativa y reconoce que, incluso, ya cuenta con la confirmaci\u00f3n de escalas nada m\u00e1s terminarse las obras, antes de finalizar 2021.<\/p>\n<p>La Consejer\u00eda regional de Obras P\u00fablicas confirma \u201cla intenci\u00f3n de navieras como TUI Cruises, a trav\u00e9s de su filial Marella, de tener el puerto de Playa Blanca como escala habitual\u201d de dos de sus cruceros: el Marella Explorer y el Marella Dream.<\/p>\n<p>El Explorer tiene una eslora de 262 metros y capacidad para unos 1.900 turistas mientras que el Dream cuenta con una eslora de 244 metros y capacidad para unos 2.100 pasajeros.<\/p>\n<p>De hecho, el Gobierno de Canarias asegura en una respuesta parlamentaria al diputado Oswaldo Betancort que \u201clas primeras escalas confirmadas comenzar\u00e1n el pr\u00f3ximo mes de noviembre, siempre y cuando la pandemia y las restricciones derivadas del Covid-19 lo permitan\u201d.<\/p>\n<p>La primera de las escalas est\u00e1 programada para el mi\u00e9rcoles 10 de noviembre de 2021, y se repetir\u00e1 el domingo 28 de noviembre.<\/p>\n<p>\u201cEstas primeras escalas son muy importantes para el desarrollo comercial del puerto, dado que ser\u00e1n las primeras tras la ampliaci\u00f3n e inauguraci\u00f3n de una de las instalaciones portuarias con mayor tr\u00e1fico de pasajeros en Canarias\u201d, subraya el Gobierno.<\/p>\n<p style=\"text-align: center;\"><strong>Apertura parcial<\/strong><\/p>\n<p>Las primeras escalas previstas de cruceros en el puerto de Playa Blanca coincidir\u00e1n pr\u00e1cticamente con la finalizaci\u00f3n de las obras. En un informe presentado este pasado mes de enero, la Consejer\u00eda de Obras P\u00fablicas indic\u00f3 que la ejecuci\u00f3n del muelle estaba al 73,3 por ciento.<\/p>\n<p>En el primer mes del a\u00f1o se hab\u00edan invertido ya 29,5 millones de euros, de un presupuesto whole de 40,3 millones. En cualquier caso, aclara la Consejer\u00eda, \u201cla obra transcurre seg\u00fan la planificaci\u00f3n inicial\u201d y est\u00e1 prevista su finalizaci\u00f3n en noviembre de 2021.<\/p>\n<p>\u201cNo obstante, por necesidades del servicio, el muelle de ferris se pondr\u00e1 parcialmente en funcionamiento durante el primer semestre\u201d del a\u00f1o, asegura el Gobierno regional, que gestiona las instalaciones a trav\u00e9s del ente p\u00fablico Puertos Canarios.<\/p>\n<p style=\"text-align: center;\"><strong>Puerto destacado<\/strong><\/p>\n<p>En 2019, el a\u00f1o anterior a que se desatase la pandemia, por el puerto de Playa Blanca pasaron m\u00e1s de un mill\u00f3n de pasajeros y 303.000 veh\u00edculos, a trav\u00e9s de las l\u00edneas regulares que cubren la ruta entre Lanzarote y Fuerteventura.<\/p>\n<p>Con el nuevo muelle, paralelo al precise, el objetivo de Puertos Canarios es \u201cordenar el tr\u00e1fico mar\u00edtimo\u201d y separar los buques de pasaje common (L\u00edneas Romero, Fred Olsen y Armas) de las embarcaciones deportivas y los barcos de pesca.<\/p>\n<p>La obra de ampliaci\u00f3n, adjudicada a finales de 2017 a una uni\u00f3n temporal de empresas liderada por FCC, supondr\u00e1 duplicar la superficie del puerto, que pasar\u00e1 de 90.000 a 200.000 metros cuadrados.<\/p>\n<p>En la nueva d\u00e1rsena exterior se habilitar\u00e1n dos atraques de 100 y 170 metros, para los barcos de pasajeros, y un tercer atraque con capacidad para cruceros medianos, para embarcaciones de unos 240 metros de eslora.<\/p>\n<\/div>\n\n<p><em> &#8221; Fuentes www.diariodelanzarote.com &#8221; <\/em><\/p>\n","protected":false},"excerpt":{"rendered":"<p>El nuevo puerto de Playa Blanca todav\u00eda no se ha terminado pero ya despierta inter\u00e9s. Una de las grandes inc\u00f3gnitas period si atracar\u00edan cruceros en el nuevo muelle. El Gobierno de Canarias da por hecho que la respuesta es afirmativa y reconoce que, incluso, ya cuenta con la confirmaci\u00f3n de escalas nada m\u00e1s terminarse las [&hellip;]<\/p>\n","protected":false},"author":4,"featured_media":98334,"comment_status":"open","ping_status":"closed","sticky":false,"template":"","format":"standard","meta":{"om_disable_all_campaigns":false,"jnews-multi-image_gallery":[],"jnews_single_post":[],"jnews_primary_category":[],"jnews_social_meta":[],"footnotes":""},"categories":[41],"tags":[],"class_list":["post-98333","post","type-post","status-publish","format-standard","has-post-thumbnail","hentry","category-cruceros"],"_links":{"self":[{"href":"https:\/\/dimensionturistica.com\/es\/wp-json\/wp\/v2\/posts\/98333","targetHints":{"allow":["GET"]}}],"collection":[{"href":"https:\/\/dimensionturistica.com\/es\/wp-json\/wp\/v2\/posts"}],"about":[{"href":"https:\/\/dimensionturistica.com\/es\/wp-json\/wp\/v2\/types\/post"}],"author":[{"embeddable":true,"href":"https:\/\/dimensionturistica.com\/es\/wp-json\/wp\/v2\/users\/4"}],"replies":[{"embeddable":true,"href":"https:\/\/dimensionturistica.com\/es\/wp-json\/wp\/v2\/comments?post=98333"}],"version-history":[{"count":0,"href":"https:\/\/dimensionturistica.com\/es\/wp-json\/wp\/v2\/posts\/98333\/revisions"}],"wp:featuredmedia":[{"embeddable":true,"href":"https:\/\/dimensionturistica.com\/es\/wp-json\/wp\/v2\/media\/98334"}],"wp:attachment":[{"href":"https:\/\/dimensionturistica.com\/es\/wp-json\/wp\/v2\/media?parent=98333"}],"wp:term":[{"taxonomy":"category","embeddable":true,"href":"https:\/\/dimensionturistica.com\/es\/wp-json\/wp\/v2\/categories?post=98333"},{"taxonomy":"post_tag","embeddable":true,"href":"https:\/\/dimensionturistica.com\/es\/wp-json\/wp\/v2\/tags?post=98333"}],"curies":[{"name":"wp","href":"https:\/\/api.w.org\/{rel}","templated":true}]}}