{"id":98282,"date":"2021-03-18T22:34:58","date_gmt":"2021-03-18T22:34:58","guid":{"rendered":"https:\/\/dimensionturistica.com\/es\/?p=98282"},"modified":"2021-03-18T22:34:58","modified_gmt":"2021-03-18T22:34:58","slug":"detectan-un-positivo-por-covid-en-crucero-anclado-en-japon","status":"publish","type":"post","link":"https:\/\/dimensionturistica.com\/es\/detectan-un-positivo-por-covid-en-crucero-anclado-en-japon\/","title":{"rendered":"Detectan un positivo por Covid en crucero anclado en Jap\u00f3n"},"content":{"rendered":"<p> <br \/>\n<\/p>\n<div>\n<p style=\"text-align: justify;\">Por Redacci\u00f3n PortalPortuario.cl<\/p>\n<p style=\"text-align: justify;\">@PortalPortuario<\/p>\n<hr\/>\n<p style=\"text-align: justify;\"><img decoding=\"async\" loading=\"lazy\" class=\"size-medium wp-image-103742 alignright\" src=\"https:\/\/dimensionturistica.com\/es\/wp-content\/uploads\/2021\/03\/Detectan-un-positivo-por-Covid-en-crucero-anclado-en-Japon.jpg\" alt=\"\" width=\"400\" height=\"245\"  \/>Un miembro extranjero de la tripulaci\u00f3n del crucero Asuka II, anclado en el puerto de Yokohama, dio positivo para Covid 19, de acuerdo a lo que inform\u00f3 <strong>NYK.<\/strong> El tripulante hab\u00eda resultado negativo en tres ex\u00e1menes de PCR antes de salir de su pa\u00eds de residencia, el 1 de marzo, al entrar a Jap\u00f3n y al abordar el barco, el 3 de marzo.<\/p>\n<p style=\"text-align: justify;\">Despu\u00e9s de confirmarle a la persona su resultado positivo, se inform\u00f3 a un centro de salud p\u00fablica y se teste\u00f3 a todos los miembros de la tripulaci\u00f3n que tuvieron contacto directo con el infectado durante las horas de trabajo. Todos dieron negativo. Adem\u00e1s, se desinfect\u00f3 todo el barco.<\/p>\n<p style=\"text-align: justify;\">El problema gener\u00f3 la cancelaci\u00f3n de los cruceros con salida el 19, 21 y 23 de marzo, todos con recorridos por Jap\u00f3n.<\/p>\n<\/p><\/div>\n\n<p><em> &#8221; Fuentes portalportuario.cl &#8221; <\/em><\/p>\n","protected":false},"excerpt":{"rendered":"<p>Por Redacci\u00f3n PortalPortuario.cl @PortalPortuario Un miembro extranjero de la tripulaci\u00f3n del crucero Asuka II, anclado en el puerto de Yokohama, dio positivo para Covid 19, de acuerdo a lo que inform\u00f3 NYK. El tripulante hab\u00eda resultado negativo en tres ex\u00e1menes de PCR antes de salir de su pa\u00eds de residencia, el 1 de marzo, al [&hellip;]<\/p>\n","protected":false},"author":4,"featured_media":98283,"comment_status":"open","ping_status":"closed","sticky":false,"template":"","format":"standard","meta":{"om_disable_all_campaigns":false,"jnews-multi-image_gallery":[],"jnews_single_post":[],"jnews_primary_category":[],"jnews_social_meta":[],"footnotes":""},"categories":[41],"tags":[],"class_list":["post-98282","post","type-post","status-publish","format-standard","has-post-thumbnail","hentry","category-cruceros"],"_links":{"self":[{"href":"https:\/\/dimensionturistica.com\/es\/wp-json\/wp\/v2\/posts\/98282","targetHints":{"allow":["GET"]}}],"collection":[{"href":"https:\/\/dimensionturistica.com\/es\/wp-json\/wp\/v2\/posts"}],"about":[{"href":"https:\/\/dimensionturistica.com\/es\/wp-json\/wp\/v2\/types\/post"}],"author":[{"embeddable":true,"href":"https:\/\/dimensionturistica.com\/es\/wp-json\/wp\/v2\/users\/4"}],"replies":[{"embeddable":true,"href":"https:\/\/dimensionturistica.com\/es\/wp-json\/wp\/v2\/comments?post=98282"}],"version-history":[{"count":0,"href":"https:\/\/dimensionturistica.com\/es\/wp-json\/wp\/v2\/posts\/98282\/revisions"}],"wp:featuredmedia":[{"embeddable":true,"href":"https:\/\/dimensionturistica.com\/es\/wp-json\/wp\/v2\/media\/98283"}],"wp:attachment":[{"href":"https:\/\/dimensionturistica.com\/es\/wp-json\/wp\/v2\/media?parent=98282"}],"wp:term":[{"taxonomy":"category","embeddable":true,"href":"https:\/\/dimensionturistica.com\/es\/wp-json\/wp\/v2\/categories?post=98282"},{"taxonomy":"post_tag","embeddable":true,"href":"https:\/\/dimensionturistica.com\/es\/wp-json\/wp\/v2\/tags?post=98282"}],"curies":[{"name":"wp","href":"https:\/\/api.w.org\/{rel}","templated":true}]}}