{"id":98268,"date":"2021-03-18T22:12:21","date_gmt":"2021-03-18T22:12:21","guid":{"rendered":"https:\/\/dimensionturistica.com\/es\/?p=98268"},"modified":"2021-03-18T22:12:21","modified_gmt":"2021-03-18T22:12:21","slug":"cancelan-tres-cruceros-en-japon-por-caso-de-covid-19","status":"publish","type":"post","link":"https:\/\/dimensionturistica.com\/es\/cancelan-tres-cruceros-en-japon-por-caso-de-covid-19\/","title":{"rendered":"Cancelan tres cruceros en Jap\u00f3n por caso de Covid-19"},"content":{"rendered":"<p> <br \/>\n<\/p>\n<div style=\"margin-top:0px;\">\n<p><strong>Por Redacci\u00f3n PortalCruceros.cl<\/strong><\/p>\n<p><strong>@PortalCruceros<\/strong><\/p>\n<hr\/>\n<p><img decoding=\"async\" loading=\"lazy\" class=\"alignright  wp-image-57996\" src=\"https:\/\/dimensionturistica.com\/es\/wp-content\/uploads\/2021\/03\/Cancelan-tres-cruceros-en-Japon-por-caso-de-Covid-19.jpg\" alt=\"\" width=\"285\" height=\"190\"  \/>Tres cruceros de <strong>NYK<\/strong> que iban a desarrollarse por aguas japonesas debieron cancelarse debido a un caso de Covid-19. El viaje de fin de semana Spring Hinata, que part\u00eda el 19 de marzo, no se podr\u00e1 realizar, como tampoco el del 21, Kobe Spring Urara, ni el del 23, a Yokohama.<\/p>\n<p>Un miembro extranjero de la tripulaci\u00f3n del crucero Asuka II, anclado en el <strong>puerto de Yokohama<\/strong>, dio positivo, pese a que hab\u00eda resultado negativo en tres ex\u00e1menes de PCR antes de salir de su pa\u00eds de residencia, el 1 de marzo, al entrar a Jap\u00f3n y al abordar el barco, el 3 de marzo.<\/p>\n<p>Despu\u00e9s de confirmarle a la persona su resultado positivo, se inform\u00f3 a un centro de salud p\u00fablica y se teste\u00f3 a todos los miembros de la tripulaci\u00f3n que tuvieron contacto directo con el infectado durante las horas de trabajo. Todos dieron negativo. Adem\u00e1s, se desinfect\u00f3 todo el barco.<\/p>\n<hr\/>\n<p>\u00a0<\/p>\n<p><!-- AddThis Advanced Settings above via filter on the_content --><!-- AddThis Advanced Settings below via filter on the_content --><!-- AddThis Advanced Settings generic via filter on the_content -->\t\t<\/p>\n<p>\t\t <!-- banner --><br \/>\n<!--\t \n\n<div style=\"margin-top: 15px;\"><\/div>\n\n\n<a rel=\"nofollow noopener\" target=\"_blank\" href=\"https:\/\/www.linkedin.com\/company\/portalcruceros-cl\/\">\n\t<img decoding=\"async\" src=\"https:\/\/dimensionturistica.com\/es\/wp-content\/uploads\/2020\/09\/Knud-E-Hansen-disena-nuevo-crucero-de-expedicion-rompehielos.gif\" \/>\n\t<\/a> --><\/p>\n<p>\t<!-- banner end --><\/p>\n<p>\t\t <!-- notas relacionadas --><\/p>\n<hr\/>\n<p>\t\t   <!-- fin notas relacionadas --><\/p><\/div>\n\n<p><em> &#8221; Fuentes portalcruceros.cl &#8221; <\/em><\/p>\n","protected":false},"excerpt":{"rendered":"<p>Por Redacci\u00f3n PortalCruceros.cl @PortalCruceros Tres cruceros de NYK que iban a desarrollarse por aguas japonesas debieron cancelarse debido a un caso de Covid-19. El viaje de fin de semana Spring Hinata, que part\u00eda el 19 de marzo, no se podr\u00e1 realizar, como tampoco el del 21, Kobe Spring Urara, ni el del 23, a Yokohama. [&hellip;]<\/p>\n","protected":false},"author":4,"featured_media":98269,"comment_status":"open","ping_status":"closed","sticky":false,"template":"","format":"standard","meta":{"om_disable_all_campaigns":false,"jnews-multi-image_gallery":[],"jnews_single_post":[],"jnews_primary_category":[],"jnews_social_meta":[],"footnotes":""},"categories":[41],"tags":[],"class_list":["post-98268","post","type-post","status-publish","format-standard","has-post-thumbnail","hentry","category-cruceros"],"_links":{"self":[{"href":"https:\/\/dimensionturistica.com\/es\/wp-json\/wp\/v2\/posts\/98268","targetHints":{"allow":["GET"]}}],"collection":[{"href":"https:\/\/dimensionturistica.com\/es\/wp-json\/wp\/v2\/posts"}],"about":[{"href":"https:\/\/dimensionturistica.com\/es\/wp-json\/wp\/v2\/types\/post"}],"author":[{"embeddable":true,"href":"https:\/\/dimensionturistica.com\/es\/wp-json\/wp\/v2\/users\/4"}],"replies":[{"embeddable":true,"href":"https:\/\/dimensionturistica.com\/es\/wp-json\/wp\/v2\/comments?post=98268"}],"version-history":[{"count":0,"href":"https:\/\/dimensionturistica.com\/es\/wp-json\/wp\/v2\/posts\/98268\/revisions"}],"wp:featuredmedia":[{"embeddable":true,"href":"https:\/\/dimensionturistica.com\/es\/wp-json\/wp\/v2\/media\/98269"}],"wp:attachment":[{"href":"https:\/\/dimensionturistica.com\/es\/wp-json\/wp\/v2\/media?parent=98268"}],"wp:term":[{"taxonomy":"category","embeddable":true,"href":"https:\/\/dimensionturistica.com\/es\/wp-json\/wp\/v2\/categories?post=98268"},{"taxonomy":"post_tag","embeddable":true,"href":"https:\/\/dimensionturistica.com\/es\/wp-json\/wp\/v2\/tags?post=98268"}],"curies":[{"name":"wp","href":"https:\/\/api.w.org\/{rel}","templated":true}]}}