{"id":982405,"date":"2025-05-26T01:28:29","date_gmt":"2025-05-26T01:28:29","guid":{"rendered":"https:\/\/dimensionturistica.com\/es\/?p=982405"},"modified":"2025-05-26T01:28:29","modified_gmt":"2025-05-26T01:28:29","slug":"en-busqueda-de-la-nueva-corriente-viajes-temporales-relatos-de-marcel-pagnol-belgas-en-tierras-niponas-y-militantes-en-el-cine-de-animacion-en-cannes-2025","status":"publish","type":"post","link":"https:\/\/dimensionturistica.com\/es\/en-busqueda-de-la-nueva-corriente-viajes-temporales-relatos-de-marcel-pagnol-belgas-en-tierras-niponas-y-militantes-en-el-cine-de-animacion-en-cannes-2025\/","title":{"rendered":"En b\u00fasqueda de la nueva &#8216;Corriente&#8217;: viajes temporales, relatos de Marcel Pagnol, belgas en tierras niponas y militantes en el cine de animaci\u00f3n en Cannes 2025."},"content":{"rendered":"<p><strong>Cannes 2025: De los Alpes a la Pantalla Grande<\/strong><\/p>\n<p>Cada a\u00f1o, frente a las deslumbrantes aguas de la Costa Azul, Cannes se convierte en el epicentro del cine internacional. Pero en 2025, el festival va m\u00e1s all\u00e1 de sus alfombras rojas y proyecciones de pel\u00edcula, llevando a los asistentes a un viaje a trav\u00e9s del tiempo y del espacio, tal como lo imagin\u00f3 el reconocido escritor franc\u00e9s Marcel Pagnol. Las calles de Cannes se llenar\u00e1n de melod\u00edas nost\u00e1lgicas, evocando recuerdos de una \u00e9poca dorada en la que las historias y la cultura cobraban vida.<\/p>\n<p>Entre las sorpresas que el festival tiene preparadas para su edici\u00f3n, destaca un enfoque innovador hacia las experiencias cinematogr\u00e1ficas que trascienden la pantalla. Se est\u00e1 gestando un di\u00e1logo entre la cinematograf\u00eda y la historia, donde se promueve la exploraci\u00f3n de la identidad cultural, utilizando la obra de Pagnol como hilo conductor. Este renacer de Pagnol no solo traer\u00e1 su legado a la luz, sino que tambi\u00e9n invitar\u00e1 a los asistentes a reflexionar sobre sus viajes personales a trav\u00e9s del tiempo.<\/p>\n<p>Este a\u00f1o, el festival tambi\u00e9n incluye un panel con cineastas belgas y japoneses que est\u00e1n llevando el concepto de narraci\u00f3n visual a nuevos horizontes. Sus inquietantes y conmovedoras contribuciones prometen abrir una ventana al multiculturalismo y a las distintas perspectivas que enriquecen la cinematograf\u00eda. Adem\u00e1s, se prev\u00e9 un segmento especial centrado en pel\u00edculas animadas, donde la magia de la animaci\u00f3n se entrelaza con la emoci\u00f3n de contar historias, atrayendo a espectadores de todas las generaciones.<\/p>\n<p>Entre las proyecciones, habr\u00e1 lugar para el arte de cineastas que, aunque emergentes, han captado la atenci\u00f3n por su audaz enfoque en temas contempor\u00e1neos, entre ellos, la activismo armado y la lucha por los derechos humanos. Con una variedad de g\u00e9neros y estilos, esta edici\u00f3n de Cannes se presenta como un reflejo de las inquietudes que predominan en el mundo actual.<\/p>\n<p>En paralelo al evento, los paisajes de Cannes ofrecen un tel\u00f3n de fondo sin igual. Los visitantes podr\u00e1n disfrutar de la belleza natural de los Alpes, con excursiones que prometen vistas espectaculares, senderos accidentados y la posibilidad de encontrar refugios acogedores donde saborear productos locales. Las rutas de senderismo y las actividades al aire libre se convierten en experiencias cinematogr\u00e1ficas en s\u00ed mismas, donde cada vista inspiradora puede despertar el deseo de contar una historia. <\/p>\n<p>Mientras el festival se apodera de la ciudad, se insta a los amantes del cine a dejarse llevar por las distintas propuestas culturales y art\u00edsticas. Desde visitas guiadas hasta conferencias, la interacci\u00f3n es clave para potenciar el esp\u00edritu colaborativo que rodea a este evento. La conexi\u00f3n con los cineastas, artistas y otros visitantes crea un ambiente propicio para discutir ideas y perspectivas que van m\u00e1s all\u00e1 de una simple proyecci\u00f3n.<\/p>\n<p>Por lo tanto, Cannes 2025 no solo se perfila como un festival de cine, sino como una celebraci\u00f3n de la experiencia cultural, donde cada jornada ofrece una oportunidad para aprender, compartir y, sobre todo, so\u00f1ar. Este es el momento perfecto para dejarse envolver por la magia del cine, la historia y la belleza del entorno, mientras se disfruta de la rica gastronom\u00eda de la regi\u00f3n y de la calidez de su gente. Cannes se prepara para ser, una vez m\u00e1s, un lugar donde los sue\u00f1os y las realidades se entrelazan, creando recuerdos imborrables que perdurar\u00e1n para siempre en la memoria colectiva. \u00a1Prep\u00e1rense para un viaje que trasciende el tiempo y el espacio!<\/p>\n<p><em> &#8221; Sources www.espinof.com &#8221; <\/em><\/p>\n<p><em> &#8221; Fuentes www.espinof.com &#8221; <\/em><\/p>\n","protected":false},"excerpt":{"rendered":"<p>Cannes 2025: De los Alpes a la Pantalla Grande Cada a\u00f1o, frente a las deslumbrantes aguas de la Costa Azul, Cannes se convierte en el epicentro del cine internacional. Pero en 2025, el festival va m\u00e1s all\u00e1 de sus alfombras rojas y proyecciones de pel\u00edcula, llevando a los asistentes a un viaje a trav\u00e9s del [&hellip;]<\/p>\n","protected":false},"author":4,"featured_media":982406,"comment_status":"open","ping_status":"closed","sticky":false,"template":"","format":"standard","meta":{"om_disable_all_campaigns":false,"jnews-multi-image_gallery":[],"jnews_single_post":[],"jnews_primary_category":[],"jnews_social_meta":[],"footnotes":""},"categories":[39],"tags":[226169,226168,224011,875,189908,67957,67496,226167,20645,4934],"class_list":["post-982405","post","type-post","status-publish","format-standard","has-post-thumbnail","hentry","category-viajes","tag-activistas-armados","tag-belgas-en-japon","tag-cannes-2025","tag-cine","tag-cultura-cinematografica","tag-festivales-de-cine","tag-flow","tag-marcel-pagnol","tag-peliculas-animadas","tag-viajes-en-el-tiempo"],"_links":{"self":[{"href":"https:\/\/dimensionturistica.com\/es\/wp-json\/wp\/v2\/posts\/982405","targetHints":{"allow":["GET"]}}],"collection":[{"href":"https:\/\/dimensionturistica.com\/es\/wp-json\/wp\/v2\/posts"}],"about":[{"href":"https:\/\/dimensionturistica.com\/es\/wp-json\/wp\/v2\/types\/post"}],"author":[{"embeddable":true,"href":"https:\/\/dimensionturistica.com\/es\/wp-json\/wp\/v2\/users\/4"}],"replies":[{"embeddable":true,"href":"https:\/\/dimensionturistica.com\/es\/wp-json\/wp\/v2\/comments?post=982405"}],"version-history":[{"count":0,"href":"https:\/\/dimensionturistica.com\/es\/wp-json\/wp\/v2\/posts\/982405\/revisions"}],"wp:featuredmedia":[{"embeddable":true,"href":"https:\/\/dimensionturistica.com\/es\/wp-json\/wp\/v2\/media\/982406"}],"wp:attachment":[{"href":"https:\/\/dimensionturistica.com\/es\/wp-json\/wp\/v2\/media?parent=982405"}],"wp:term":[{"taxonomy":"category","embeddable":true,"href":"https:\/\/dimensionturistica.com\/es\/wp-json\/wp\/v2\/categories?post=982405"},{"taxonomy":"post_tag","embeddable":true,"href":"https:\/\/dimensionturistica.com\/es\/wp-json\/wp\/v2\/tags?post=982405"}],"curies":[{"name":"wp","href":"https:\/\/api.w.org\/{rel}","templated":true}]}}