{"id":98192,"date":"2021-03-18T20:16:19","date_gmt":"2021-03-18T20:16:19","guid":{"rendered":"https:\/\/dimensionturistica.com\/es\/?p=98192"},"modified":"2021-03-18T20:16:19","modified_gmt":"2021-03-18T20:16:19","slug":"hyundai-staria-2022-sale-a-la-luz-previo-a-su-presentacion-global","status":"publish","type":"post","link":"https:\/\/dimensionturistica.com\/es\/hyundai-staria-2022-sale-a-la-luz-previo-a-su-presentacion-global\/","title":{"rendered":"Hyundai Staria 2022 sale a la luz previo a su presentaci\u00f3n global"},"content":{"rendered":"<p> <br \/>\n<\/p>\n<div>\n<p>Hace tan solo unos d\u00edas te present\u00e1bamos las primeras im\u00e1genes de la \u201cnave espacial\u201d de <strong>Hyundai<\/strong> que se presentar\u00e1 pr\u00f3ximamente. <strong>Staria<\/strong> ser\u00e1 el modelo para pasajeros que llegar\u00e1 para revolucionar en su segmento con un sinf\u00edn de cualidades que sin duda lo har\u00e1n sobresalir.  <\/p>\n<p><!-- BREAK 1 --><br \/>\n<!--more--> <\/p>\n<p>Hoy la marca le quita por completo el misterio a las im\u00e1genes anteriormente vistas y nos muestra la realidad de este nuevo modelo, un veh\u00edculo multiprop\u00f3sito que <strong>fue dise\u00f1ado tanto para un uso acquainted<\/strong>, como para grandes empresas.  <\/p>\n<p><!-- BREAK 2 --> <\/p>\n<div class=\"article-asset-image article-asset-normal\">\n<div class=\"asset-content\"> <img class=\"sf-lazy centro_sinmarco\" data-sf- data-sf-src=\"https:\/\/dimensionturistica.com\/es\/wp-content\/uploads\/2021\/03\/Hyundai-Staria-2022-sale-a-la-luz-previo-a-su.jpg\" alt=\"Hyundai Staria\"\/><noscript><img decoding=\"async\" alt=\"Hyundai Staria\" src=\"https:\/\/dimensionturistica.com\/es\/wp-content\/uploads\/2021\/03\/Hyundai-Staria-2022-sale-a-la-luz-previo-a-su.jpg\"\/><\/noscript> <\/div>\n<\/div>\n<p><strong>El t\u00e9rmino \u201cnave espacial\u201d se lo dio la misma compa\u00f1\u00eda<\/strong> debido a que Staria ofrece una vista previa de la innovaci\u00f3n espacial que estar\u00e1 disponible a trav\u00e9s de los veh\u00edculos especialmente dise\u00f1ados en el futuro de la movilidad.<\/p>\n<p><!-- BREAK 3 --><\/p>\n<p>El exterior de este veh\u00edculo presenta <strong>una silueta futurista, pura y aerodin\u00e1mica<\/strong>, definida por una curva que corre de adelante hacia atr\u00e1s, inspirada en el halo que ilumina el horizonte de la Tierra durante el amanecer cuando se ve desde el espacio.<\/p>\n<p><!-- BREAK 4 --><\/p>\n<div class=\"article-asset-image article-asset-normal\">\n<div class=\"asset-content\"> <img class=\"sf-lazy centro_sinmarco\" data-sf- data-sf-src=\"https:\/\/dimensionturistica.com\/es\/wp-content\/uploads\/2021\/03\/1616098578_306_Hyundai-Staria-2022-sale-a-la-luz-previo-a-su.jpg\" alt=\"Hyundai Staria\"\/><noscript><img decoding=\"async\" alt=\"Hyundai Staria\" src=\"https:\/\/dimensionturistica.com\/es\/wp-content\/uploads\/2021\/03\/1616098578_306_Hyundai-Staria-2022-sale-a-la-luz-previo-a-su.jpg\"\/><\/noscript> <\/div>\n<\/div>\n<p>Otro de los detalles que resaltan en esta imagen es el frente, el cual est\u00e1 adornado con luces de circulaci\u00f3n diurna horizontales y una l\u00ednea en LED que recorre todo el frente del auto. <\/p>\n<p><!-- BREAK 5 --><\/p>\n<p>La tonalidad en la que se presenta el Hyundai Staria maximiza el estilo moderno que buscan reflejar, el cual contrasta perfecto con los <strong>detalles en cobre<\/strong> que vamos a encontrar en los <strong>rines de 18 pulgadas<\/strong>, en la parrilla y en los logos. <\/p>\n<p><!-- BREAK 6 --><\/p>\n<div class=\"article-asset-image article-asset-normal\">\n<div class=\"asset-content\"> <img class=\"sf-lazy centro_sinmarco\" data-sf- data-sf-src=\"https:\/\/dimensionturistica.com\/es\/wp-content\/uploads\/2021\/03\/1616098578_824_Hyundai-Staria-2022-sale-a-la-luz-previo-a-su.jpg\" alt=\"Hyundai Staria\"\/><noscript><img decoding=\"async\" alt=\"Hyundai Staria\" src=\"https:\/\/dimensionturistica.com\/es\/wp-content\/uploads\/2021\/03\/1616098578_824_Hyundai-Staria-2022-sale-a-la-luz-previo-a-su.jpg\"\/><\/noscript> <\/div>\n<\/div>\n<p>Pasando a la parte trasera ofrece de igual manera un aspecto sumamente limpio, en el que resaltan las <strong>calaveras en vertical<\/strong> y un gran medall\u00f3n. <\/p>\n<p><!-- BREAK 7 --><\/p>\n<p>Ahora bien, pasando al <strong>inside el cual est\u00e1 inspirado en el sal\u00f3n de un crucero<\/strong>, encontraremos una cabina bastante amplia, con grandes ventanas que contribuyen a esa <strong>sensaci\u00f3n de amplitud<\/strong>, cinturones m\u00e1s bajos y una cabina centrada en el conductor. <\/p>\n<p><!-- BREAK 8 --><\/p>\n<div class=\"article-asset-image article-asset-normal\">\n<div class=\"asset-content\"> <img class=\"sf-lazy centro_sinmarco\" data-sf- data-sf-src=\"https:\/\/dimensionturistica.com\/es\/wp-content\/uploads\/2021\/03\/1616098578_512_Hyundai-Staria-2022-sale-a-la-luz-previo-a-su.jpg\" alt=\"Hyundai Staria\"\/><noscript><img decoding=\"async\" alt=\"Hyundai Staria\" src=\"https:\/\/dimensionturistica.com\/es\/wp-content\/uploads\/2021\/03\/1616098578_512_Hyundai-Staria-2022-sale-a-la-luz-previo-a-su.jpg\"\/><\/noscript> <\/div>\n<\/div>\n<p>Una gran <strong>pantalla de 10.2 pulgadas<\/strong> en el centro, un panel con botones que reemplaza a la palanca de velocidades tradicional, un cuadro de instrumentos tambi\u00e9n digital, <strong>diversos portavasos y puertos USB<\/strong> son atributos que mantendr\u00e1n los viajes m\u00e1s amenos para todos los pasajeros. <\/p>\n<p><!-- BREAK 9 --><\/p>\n<p>La capacidad de Hyundai Staria ser\u00e1 para siete pasajeros, aunque tambi\u00e9n se ofrecer\u00e1 <strong>una versi\u00f3n para nueve pasajeros<\/strong> que la segunda fila tendr\u00e1 la capacidad adicional de <strong>girar 180 grados<\/strong> para mirar a los pasajeros de la tercera fila. <\/p>\n<p><!-- BREAK 10 --><\/p>\n<div class=\"article-asset-image article-asset-normal\">\n<div class=\"asset-content\"> <img class=\"sf-lazy centro_sinmarco\" data-sf- data-sf-src=\"https:\/\/dimensionturistica.com\/es\/wp-content\/uploads\/2021\/03\/1616098578_254_Hyundai-Staria-2022-sale-a-la-luz-previo-a-su.jpg\" alt=\"Hyundai Staria\"\/><noscript><img decoding=\"async\" alt=\"Hyundai Staria\" src=\"https:\/\/dimensionturistica.com\/es\/wp-content\/uploads\/2021\/03\/1616098578_254_Hyundai-Staria-2022-sale-a-la-luz-previo-a-su.jpg\"\/><\/noscript> <\/div>\n<\/div>\n<p>Por ahora los detalles sobre el desempe\u00f1o de este modelo siguen siendo un misterio, sin embargo, muy pronto conoceremos todo al respecto ya que <strong>su debut mundial se llevar\u00e1 a cabo en pocas semanas<\/strong>. <\/p>\n<p><!-- BREAK 11 --><\/p>\n<div class=\"desvio-container\">\n<div class=\"desvio\">\n<div class=\"desvio-figure js-desvio-figure\">\n   <a rel=\"nofollow noopener\" target=\"_blank\" href=\"https:\/\/www.motorpasion.com.mx\/hyundai\/hyundai-alcazar-primeros-detalles-confirmacion\"><br \/>\n    <img decoding=\"async\" src=\"https:\/\/dimensionturistica.com\/es\/wp-content\/uploads\/2021\/03\/1616098578_96_Hyundai-Staria-2022-sale-a-la-luz-previo-a-su.jpg\" alt=\"Hyundai Alcazar: se confirma el lanzamiento lo que ser\u00eda un Hyundai Creta para 7 pasajeros y de enfoque global\"\/><br \/>\n   <\/a>\n  <\/div><\/div>\n<\/div><\/div>\n\n<p><em> &#8221; Fuentes www.motorpasion.com.mx &#8221; <\/em><\/p>\n","protected":false},"excerpt":{"rendered":"<p>Hace tan solo unos d\u00edas te present\u00e1bamos las primeras im\u00e1genes de la \u201cnave espacial\u201d de Hyundai que se presentar\u00e1 pr\u00f3ximamente. Staria ser\u00e1 el modelo para pasajeros que llegar\u00e1 para revolucionar en su segmento con un sinf\u00edn de cualidades que sin duda lo har\u00e1n sobresalir.<\/p>\n","protected":false},"author":4,"featured_media":98193,"comment_status":"open","ping_status":"closed","sticky":false,"template":"","format":"standard","meta":{"om_disable_all_campaigns":false,"jnews-multi-image_gallery":[],"jnews_single_post":[],"jnews_primary_category":[],"jnews_social_meta":[],"footnotes":""},"categories":[41],"tags":[],"class_list":["post-98192","post","type-post","status-publish","format-standard","has-post-thumbnail","hentry","category-cruceros"],"_links":{"self":[{"href":"https:\/\/dimensionturistica.com\/es\/wp-json\/wp\/v2\/posts\/98192","targetHints":{"allow":["GET"]}}],"collection":[{"href":"https:\/\/dimensionturistica.com\/es\/wp-json\/wp\/v2\/posts"}],"about":[{"href":"https:\/\/dimensionturistica.com\/es\/wp-json\/wp\/v2\/types\/post"}],"author":[{"embeddable":true,"href":"https:\/\/dimensionturistica.com\/es\/wp-json\/wp\/v2\/users\/4"}],"replies":[{"embeddable":true,"href":"https:\/\/dimensionturistica.com\/es\/wp-json\/wp\/v2\/comments?post=98192"}],"version-history":[{"count":0,"href":"https:\/\/dimensionturistica.com\/es\/wp-json\/wp\/v2\/posts\/98192\/revisions"}],"wp:featuredmedia":[{"embeddable":true,"href":"https:\/\/dimensionturistica.com\/es\/wp-json\/wp\/v2\/media\/98193"}],"wp:attachment":[{"href":"https:\/\/dimensionturistica.com\/es\/wp-json\/wp\/v2\/media?parent=98192"}],"wp:term":[{"taxonomy":"category","embeddable":true,"href":"https:\/\/dimensionturistica.com\/es\/wp-json\/wp\/v2\/categories?post=98192"},{"taxonomy":"post_tag","embeddable":true,"href":"https:\/\/dimensionturistica.com\/es\/wp-json\/wp\/v2\/tags?post=98192"}],"curies":[{"name":"wp","href":"https:\/\/api.w.org\/{rel}","templated":true}]}}