{"id":98177,"date":"2021-03-18T19:59:35","date_gmt":"2021-03-18T19:59:35","guid":{"rendered":"https:\/\/dimensionturistica.com\/es\/?p=98177"},"modified":"2021-03-18T19:59:35","modified_gmt":"2021-03-18T19:59:35","slug":"la-fortaleza-del-puerto-de-las-palmas-mantiene-al-sistema-de-la-aplp-en-un-positivo-de-casi-el-8-en-febrero","status":"publish","type":"post","link":"https:\/\/dimensionturistica.com\/es\/la-fortaleza-del-puerto-de-las-palmas-mantiene-al-sistema-de-la-aplp-en-un-positivo-de-casi-el-8-en-febrero\/","title":{"rendered":"La fortaleza del Puerto de Las Palmas mantiene al sistema de la APLP en un positivo de casi el 8% en febrero"},"content":{"rendered":"<p> <br \/>\n<\/p>\n<div>\n<p style=\"text-align: justify;\">El Puerto de Las Palmas logra, un mes m\u00e1s, unos resultados porcentuales muy positivos que empujan al conjunto de los cinco puertos que forman la Autoridad Portuaria de Las Palmas (APLP) a obtener en febrero unos datos en crecimiento del 7,76 por ciento. No obstante, la realidad particular person de cuatro de estos puertos es negativa y est\u00e1 \u00edntimamente ligada con la paralizaci\u00f3n del consumo interno debido a la pandemia y su afecci\u00f3n al sector tur\u00edstico.<\/p>\n<p style=\"text-align: justify;\">El presidente de la APLP, Luis Ibarra, analiza los resultados de la estad\u00edstica de febrero y apunta dos reflexiones. \u201cEl compromiso de TUI con Las Palmas como puerto base para reactivar el tr\u00e1fico de cruceros en Europa da buenos resultados, y ha servido de aliciente para que otras compa\u00f1\u00edas como AIDA y Happag Lloyds se incorporen a la actividad\u201d.<\/p>\n<p style=\"text-align: justify;\">En el acumulado de enero y febrero, el n\u00famero de pasajeros de cruceros dobl\u00f3 al de pasajeros de l\u00edneas regulares (35.141 frente a 17.079, en un contexto de gran ca\u00edda del tr\u00e1fico common de pasajeros por las restricciones a la movilidad que se cuantifica en -91,48 por ciento).<\/p>\n<p style=\"text-align: justify;\">Ibarra a\u00f1ade que \u201clas consecuencias de la pandemia sobre el consumo que realizaban sectores como el tur\u00edstico se dejan ver con claridad en los puertos de Arrecife, Puerto del Rosario y Salinetas, as\u00ed como en Arinaga por el descenso de graneles asociados a otras actividades paralelas al turismo como la construcci\u00f3n\u201d, por lo que insiste en la \u201cimportancia de trabajar como sistema, no como puertos insulares y aislados sin opci\u00f3n a recibir apoyo de los otros puertos, para superar las crisis con mayor seguridad\u201d.<\/p>\n<p style=\"text-align: justify;\">FEBRERO EN DATOS.\u00a0En el conjunto de la Autoridad Portuaria de Las Palmas, los tr\u00e1ficos subieron en febrero de 2021 un 7,76 por ciento, a pesar de la ca\u00edda del avituallamiento en un -14,48 por ciento. Los pasajeros en l\u00ednea common bajaron un -93,22 por ciento. Las mercanc\u00edas subieron un 10,41 por ciento (el cabotaje perdi\u00f3 un -23,59 por ciento, pero la proveniente del exterior se increment\u00f3 un 46,25 por ciento). Los contenedores subieron un 10,12 por ciento, siendo los tr\u00e1nsitos de TEUs los que m\u00e1s crecieron con un 45,98 por ciento.<\/p>\n<p style=\"text-align: justify;\">En el Puerto de Las Palmas, los tr\u00e1ficos subieron en febrero de 2021 un 16,56 por ciento, a pesar de la ca\u00edda del avituallamiento en un -11,99 por ciento. Los pasajeros en l\u00ednea common bajaron un -93,94 por ciento. Las mercanc\u00edas subieron un 20,58 por ciento (el cabotaje perdi\u00f3 un -16,28 por ciento, pero la proveniente del exterior se increment\u00f3 un 48,69 por ciento). Los contenedores subieron un 15,28 por ciento, siendo los tr\u00e1nsitos de TEUs los que m\u00e1s crecieron con un 45,98 por ciento.<\/p>\n<p style=\"text-align: justify;\">En el Puerto de Arrecife, los tr\u00e1ficos bajaron en febrero de 2021 un -36,33 por ciento. Los pasajeros en l\u00ednea common bajaron un -92,05 por ciento. Las mercanc\u00edas bajaron un \u201334,51 por ciento. Los contenedores cayeron un -32,02 por ciento.<\/p>\n<p style=\"text-align: justify;\">En el Puerto de Puerto del Rosario, los tr\u00e1ficos bajaron en febrero de 2021 un -39,93 por ciento. Los pasajeros en l\u00ednea common bajaron un -77,02 por ciento. Las mercanc\u00edas bajaron un \u201339,10 por ciento. Los contenedores bajaron un -37,98 por ciento.<\/p>\n<p style=\"text-align: justify;\">En el Puerto de Arinaga, los tr\u00e1ficos bajaron en febrero de 2021 un -31,51 por ciento. En el Puerto de Salinetas, los tr\u00e1ficos bajaron en febrero de 2021 un -42,04 por ciento.<\/p>\n<\/div>\n<p><script>!function(f,b,e,v,n,t,s){if(f.fbq)return;n=f.fbq=function(){n.callMethod?n.callMethod.apply(n,arguments):n.queue.push(arguments)};if(!f._fbq)f._fbq=n;n.push=n;n.loaded=!0;n.version='2.0';n.queue=[];t=b.createElement(e);t.async=!0;t.src=v;s=b.getElementsByTagName(e)[0];s.parentNode.insertBefore(t,s)}(window,document,'script','https:\/\/connect.facebook.net\/en_US\/fbevents.js');fbq('init','1161361057246236');fbq('track','PageView')<\/script><br \/>\n<br \/><\/p>\n<p><em> &#8221; Fuentes www.elestrechodigital.com &#8221; <\/em><\/p>\n","protected":false},"excerpt":{"rendered":"<p>El Puerto de Las Palmas logra, un mes m\u00e1s, unos resultados porcentuales muy positivos que empujan al conjunto de los cinco puertos que forman la Autoridad Portuaria de Las Palmas (APLP) a obtener en febrero unos datos en crecimiento del 7,76 por ciento. No obstante, la realidad particular person de cuatro de estos puertos es [&hellip;]<\/p>\n","protected":false},"author":4,"featured_media":98178,"comment_status":"open","ping_status":"closed","sticky":false,"template":"","format":"standard","meta":{"om_disable_all_campaigns":false,"jnews-multi-image_gallery":[],"jnews_single_post":[],"jnews_primary_category":[],"jnews_social_meta":[],"footnotes":""},"categories":[41],"tags":[],"class_list":["post-98177","post","type-post","status-publish","format-standard","has-post-thumbnail","hentry","category-cruceros"],"_links":{"self":[{"href":"https:\/\/dimensionturistica.com\/es\/wp-json\/wp\/v2\/posts\/98177","targetHints":{"allow":["GET"]}}],"collection":[{"href":"https:\/\/dimensionturistica.com\/es\/wp-json\/wp\/v2\/posts"}],"about":[{"href":"https:\/\/dimensionturistica.com\/es\/wp-json\/wp\/v2\/types\/post"}],"author":[{"embeddable":true,"href":"https:\/\/dimensionturistica.com\/es\/wp-json\/wp\/v2\/users\/4"}],"replies":[{"embeddable":true,"href":"https:\/\/dimensionturistica.com\/es\/wp-json\/wp\/v2\/comments?post=98177"}],"version-history":[{"count":0,"href":"https:\/\/dimensionturistica.com\/es\/wp-json\/wp\/v2\/posts\/98177\/revisions"}],"wp:featuredmedia":[{"embeddable":true,"href":"https:\/\/dimensionturistica.com\/es\/wp-json\/wp\/v2\/media\/98178"}],"wp:attachment":[{"href":"https:\/\/dimensionturistica.com\/es\/wp-json\/wp\/v2\/media?parent=98177"}],"wp:term":[{"taxonomy":"category","embeddable":true,"href":"https:\/\/dimensionturistica.com\/es\/wp-json\/wp\/v2\/categories?post=98177"},{"taxonomy":"post_tag","embeddable":true,"href":"https:\/\/dimensionturistica.com\/es\/wp-json\/wp\/v2\/tags?post=98177"}],"curies":[{"name":"wp","href":"https:\/\/api.w.org\/{rel}","templated":true}]}}