{"id":980306,"date":"2025-05-21T19:36:22","date_gmt":"2025-05-21T19:36:22","guid":{"rendered":"https:\/\/dimensionturistica.com\/es\/?p=980306"},"modified":"2025-05-21T19:36:22","modified_gmt":"2025-05-21T19:36:22","slug":"los-mejores-planchas-para-el-cabello-segun-expertos-en-peinados-y-editores-de-moda","status":"publish","type":"post","link":"https:\/\/dimensionturistica.com\/es\/los-mejores-planchas-para-el-cabello-segun-expertos-en-peinados-y-editores-de-moda\/","title":{"rendered":"Los Mejores Planchas para el Cabello, Seg\u00fan Expertos en Peinados y Editores de Moda"},"content":{"rendered":"<h3>Innovaciones en el Cuidado del Cabello: La B\u00fasqueda de la Plancha Perfecta<\/h3>\n<p>En un mundo donde la est\u00e9tica juega un papel fundamental, el cuidado del cabello ha cobrado una importancia sin precedentes. Cada vez m\u00e1s personas buscan herramientas que no solo sean efectivas, sino que tambi\u00e9n mantengan la salud de su cabello. Entre estos dispositivos, la plancha para el pelo se destaca como un aliado indispensable en la rutina de belleza diaria.<\/p>\n<p>Con una amplia variedad de opciones en el mercado, elegir la plancha adecuada puede parecer abrumador. Lo esencial es encontrar un modelo que combine tecnolog\u00eda avanzada y dise\u00f1o ergon\u00f3mico, garantizando un alisado perfecto sin da\u00f1ar la fibra capilar. Las planchas de cer\u00e1mica, por ejemplo, son conocidas por distribuir el calor de manera uniforme, evitando puntos calientes que podr\u00edan perjudicar el cabello.<\/p>\n<p>Adem\u00e1s, las innovaciones no se detienen en la cer\u00e1mica. Modelos m\u00e1s recientes incorporan avances como placas de titanio y tecnolog\u00edas de iones negativos. Estas opciones no solo prometen un alisado duradero, sino que tambi\u00e9n aportan brillo y reducen el frizz, un plus que muchas buscan en su rutina de peinado.<\/p>\n<p>La facilidad de uso tambi\u00e9n es un aspecto fundamental. Las planchas con funciones de calentamiento r\u00e1pido y ajustes de temperatura son ideales para quienes disponen de poco tiempo pero no quieren sacrificar el estilo. Muchos de estos dispositivos cuentan con pantallas digitales que permiten ajustar la temperatura seg\u00fan el tipo de cabello, algo esencial para evitar da\u00f1os en cabellos finos o da\u00f1ados.<\/p>\n<p>Adem\u00e1s, las planchas de pelo han evolucionado en t\u00e9rminos de dise\u00f1o. Modelos m\u00e1s compactos y ligeros est\u00e1n disponibles en el mercado, facilitando el transporte y uso en cualquier lugar, desde casa hasta un viaje de negocios o vacaciones. Estos dispositivos son cada vez m\u00e1s vers\u00e1tiles, permitiendo no solo el alisado, sino tambi\u00e9n la creaci\u00f3n de ondas y rizos, lo que maximiza su funcionalidad y atractivo.<\/p>\n<p>El cuidado post-alisado es tan importante como el proceso en s\u00ed. Aplicar productos protectores de calor antes de usar la plancha es vital para preservar la salud del cabello. Adem\u00e1s, tratamientos hidratantes y reparadores pueden contribuir a mantener la suavidad y el brillo, prolongando el efecto de la plancha y evitando el da\u00f1o a largo plazo.<\/p>\n<p>En conclusi\u00f3n, la elecci\u00f3n de la plancha ideal para el cabello no solo influye en el resultado final, sino que tambi\u00e9n es un punto clave en el cuidado del cabello. Con la mezcla adecuada de tecnolog\u00eda, dise\u00f1o y cuidado, es posible lograr un estilo impecable sin comprometer la salud capilar. As\u00ed, la b\u00fasqueda del alisado perfecto se transforma en una experiencia placentera y segura, haciendo de cada d\u00eda una oportunidad para lucir un cabello radiante.<\/p>\n<p><em> &#8221; Sources www.vogue.com &#8221; <\/em><\/p>\n<p><em> &#8221; Fuentes www.vogue.com &#8221; <\/em><\/p>\n","protected":false},"excerpt":{"rendered":"<p>Innovaciones en el Cuidado del Cabello: La B\u00fasqueda de la Plancha Perfecta En un mundo donde la est\u00e9tica juega un papel fundamental, el cuidado del cabello ha cobrado una importancia sin precedentes. Cada vez m\u00e1s personas buscan herramientas que no solo sean efectivas, sino que tambi\u00e9n mantengan la salud de su cabello. Entre estos dispositivos, [&hellip;]<\/p>\n","protected":false},"author":4,"featured_media":980307,"comment_status":"open","ping_status":"closed","sticky":false,"template":"","format":"standard","meta":{"om_disable_all_campaigns":false,"jnews-multi-image_gallery":[],"jnews_single_post":[],"jnews_primary_category":[],"jnews_social_meta":[],"footnotes":""},"categories":[144872],"tags":[198537,198594,198536,198535,72867,136391,225386,124349,225385,203101,198499,172302,202,217122,215508,198500,201602,373],"class_list":["post-980306","post","type-post","status-publish","format-standard","has-post-thumbnail","hentry","category-fashion","tag-_commerce","tag-_sensitivecontent","tag-_seo","tag-_syndication_noshow","tag-beauty","tag-beauty-tips","tag-celebrity-hairstylists","tag-hair-care","tag-hair-straighteners","tag-hair-styling","tag-onecolumn","tag-product-recommendations","tag-shopping","tag-storytypecategory-guide-comparison","tag-styling-tools","tag-textabovecenterfullbleed","tag-vogue-editors","tag-web"],"_links":{"self":[{"href":"https:\/\/dimensionturistica.com\/es\/wp-json\/wp\/v2\/posts\/980306","targetHints":{"allow":["GET"]}}],"collection":[{"href":"https:\/\/dimensionturistica.com\/es\/wp-json\/wp\/v2\/posts"}],"about":[{"href":"https:\/\/dimensionturistica.com\/es\/wp-json\/wp\/v2\/types\/post"}],"author":[{"embeddable":true,"href":"https:\/\/dimensionturistica.com\/es\/wp-json\/wp\/v2\/users\/4"}],"replies":[{"embeddable":true,"href":"https:\/\/dimensionturistica.com\/es\/wp-json\/wp\/v2\/comments?post=980306"}],"version-history":[{"count":0,"href":"https:\/\/dimensionturistica.com\/es\/wp-json\/wp\/v2\/posts\/980306\/revisions"}],"wp:featuredmedia":[{"embeddable":true,"href":"https:\/\/dimensionturistica.com\/es\/wp-json\/wp\/v2\/media\/980307"}],"wp:attachment":[{"href":"https:\/\/dimensionturistica.com\/es\/wp-json\/wp\/v2\/media?parent=980306"}],"wp:term":[{"taxonomy":"category","embeddable":true,"href":"https:\/\/dimensionturistica.com\/es\/wp-json\/wp\/v2\/categories?post=980306"},{"taxonomy":"post_tag","embeddable":true,"href":"https:\/\/dimensionturistica.com\/es\/wp-json\/wp\/v2\/tags?post=980306"}],"curies":[{"name":"wp","href":"https:\/\/api.w.org\/{rel}","templated":true}]}}