{"id":980156,"date":"2025-05-21T15:51:53","date_gmt":"2025-05-21T15:51:53","guid":{"rendered":"https:\/\/dimensionturistica.com\/es\/?p=980156"},"modified":"2025-05-21T15:51:53","modified_gmt":"2025-05-21T15:51:53","slug":"el-22-y-23-de-mayo-parana-entre-rios-sera-sede-del-50-encuentro-de-profesionales-del-turismo-faevyt","status":"publish","type":"post","link":"https:\/\/dimensionturistica.com\/es\/el-22-y-23-de-mayo-parana-entre-rios-sera-sede-del-50-encuentro-de-profesionales-del-turismo-faevyt\/","title":{"rendered":"El 22 y 23 de mayo, Paran\u00e1, Entre R\u00edos, ser\u00e1 sede del 50\u00b0 Encuentro de Profesionales del Turismo FAEVYT"},"content":{"rendered":"<h3>Paran\u00e1, Entre R\u00edos: El Epicentro del Turismo en mayo<\/h3>\n<p>Paran\u00e1, una de las gemas de Entre R\u00edos, se prepara para recibir a los profesionales del turismo en un evento que promete ser inolvidable: el 50\u00ba Congreso de Agentes de Viajes, organizado por la Federaci\u00f3n Argentina de Asociaciones de Empresas de Viajes y Turismo (FAEVYT). Este congreso representar\u00e1 una excelente oportunidad para fomentar el intercambio de ideas, fortalecer relaciones y explorar el futuro de la industria tur\u00edstica en Argentina y m\u00e1s all\u00e1.<\/p>\n<p>Los d\u00edas 22 y 23 de mayo, la ciudad se convertir\u00e1 en un punto de encuentro para expertos y agentes de viajes de todo el pa\u00eds. Las charlas, paneles y actividades programadas ofrecer\u00e1n una plataforma para debatir sobre las tendencias actuales en turismo, los desaf\u00edos que enfrenta el sector y las oportunidades que se vislumbran en el horizonte. En un contexto en el que el turismo est\u00e1 en constante evoluci\u00f3n, este congreso se presenta como un faro de conocimiento y aprendizaje.<\/p>\n<h3>\u00bfPor qu\u00e9 Paran\u00e1?<\/h3>\n<p>Elegir Paran\u00e1 como sede no es una casualidad. Con su rica historia, arquitectura colonial y una belleza natural que cautiva a los visitantes, la ciudad ofrece un entorno ideal para el intercambio profesional. Desde sus r\u00edos caudalosos hasta sus parques y plazas, Paran\u00e1 no s\u00f3lo es un lugar de trabajo, sino tambi\u00e9n de disfrute. Los asistentes tendr\u00e1n la oportunidad de explorar la ciudad y descubrir sus encantos, que van desde la gastronom\u00eda local hasta el patrimonio cultural.<\/p>\n<p>Adem\u00e1s, la calidez de los entrerrianos es un atractivo que a\u00f1ade un valor especial a la experiencia. Los asistentes podr\u00e1n disfrutar de la hospitalidad y del ambiente amigable que caracteriza a la regi\u00f3n, creando un espacio propicio para el networking y la colaboraci\u00f3n.<\/p>\n<h3>Tendencias y Futuro del Turismo<\/h3>\n<p>Uno de los aspectos m\u00e1s destacados del congreso ser\u00e1 la discusi\u00f3n sobre las innovaciones tecnol\u00f3gicas y nuevas pr\u00e1cticas sostenibles en el sector. Con el auge de las plataformas digitales y la creciente conciencia ambiental de los viajeros, es esencial que los agentes de viajes se adapten y evolucionen. El congreso se centrar\u00e1 en herramientas que permitan un manejo m\u00e1s eficaz de recursos, as\u00ed como en estrategias para atraer a un p\u00fablico cada vez m\u00e1s exigente.<\/p>\n<p>Los oradores y panelistas incluir\u00e1n a l\u00edderes de la industria que compartir\u00e1n su experiencia y conocimientos, convirtiendo al evento en una valiosa fuente de informaci\u00f3n y perspectivas frescas sobre el futuro del turismo.<\/p>\n<h3>Conclusi\u00f3n<\/h3>\n<p>El 50\u00ba Congreso de Agentes de Viajes en Paran\u00e1 no solo ser\u00e1 una oportunidad para aprender y compartir, sino tambi\u00e9n una celebraci\u00f3n de la resiliencia y creatividad del sector tur\u00edstico. Con la promesa de un evento din\u00e1mico y enriquecedor, se invita a todos los agentes de viajes a ser parte de esta experiencia transformadora.<\/p>\n<p>A medida que Paran\u00e1 se prepara para este evento significativo, el turismo se posiciona como un motor vital en la econom\u00eda local y nacional, reafirmando que, a pesar de los desaf\u00edos, siempre hay espacio para la cooperaci\u00f3n y el crecimiento. \u00a1No te lo pierdas!<\/p>\n<p><em> &#8221; Sources laprensa.com.uy &#8221; <\/em><\/p>\n<p><em> &#8221; Sources laprensa.com.uy &#8221; <\/em><\/p>\n","protected":false},"excerpt":{"rendered":"<p>Paran\u00e1, Entre R\u00edos: El Epicentro del Turismo en mayo Paran\u00e1, una de las gemas de Entre R\u00edos, se prepara para recibir a los profesionales del turismo en un evento que promete ser inolvidable: el 50\u00ba Congreso de Agentes de Viajes, organizado por la Federaci\u00f3n Argentina de Asociaciones de Empresas de Viajes y Turismo (FAEVYT). Este [&hellip;]<\/p>\n","protected":false},"author":4,"featured_media":980157,"comment_status":"open","ping_status":"closed","sticky":false,"template":"","format":"standard","meta":{"om_disable_all_campaigns":false,"jnews-multi-image_gallery":[],"jnews_single_post":[],"jnews_primary_category":[],"jnews_social_meta":[],"footnotes":""},"categories":[40],"tags":[225320],"class_list":["post-980156","post","type-post","status-publish","format-standard","has-post-thumbnail","hentry","category-industria","tag-congreso-de-agentes-de-viajes-faevyt-parana-entre-rios-turismo-viajes-eventos-argentina"],"_links":{"self":[{"href":"https:\/\/dimensionturistica.com\/es\/wp-json\/wp\/v2\/posts\/980156","targetHints":{"allow":["GET"]}}],"collection":[{"href":"https:\/\/dimensionturistica.com\/es\/wp-json\/wp\/v2\/posts"}],"about":[{"href":"https:\/\/dimensionturistica.com\/es\/wp-json\/wp\/v2\/types\/post"}],"author":[{"embeddable":true,"href":"https:\/\/dimensionturistica.com\/es\/wp-json\/wp\/v2\/users\/4"}],"replies":[{"embeddable":true,"href":"https:\/\/dimensionturistica.com\/es\/wp-json\/wp\/v2\/comments?post=980156"}],"version-history":[{"count":0,"href":"https:\/\/dimensionturistica.com\/es\/wp-json\/wp\/v2\/posts\/980156\/revisions"}],"wp:featuredmedia":[{"embeddable":true,"href":"https:\/\/dimensionturistica.com\/es\/wp-json\/wp\/v2\/media\/980157"}],"wp:attachment":[{"href":"https:\/\/dimensionturistica.com\/es\/wp-json\/wp\/v2\/media?parent=980156"}],"wp:term":[{"taxonomy":"category","embeddable":true,"href":"https:\/\/dimensionturistica.com\/es\/wp-json\/wp\/v2\/categories?post=980156"},{"taxonomy":"post_tag","embeddable":true,"href":"https:\/\/dimensionturistica.com\/es\/wp-json\/wp\/v2\/tags?post=980156"}],"curies":[{"name":"wp","href":"https:\/\/api.w.org\/{rel}","templated":true}]}}