{"id":97832,"date":"2021-03-18T06:47:24","date_gmt":"2021-03-18T06:47:24","guid":{"rendered":"https:\/\/dimensionturistica.com\/es\/?p=97832"},"modified":"2021-03-18T06:47:24","modified_gmt":"2021-03-18T06:47:24","slug":"los-audi-q7-y-q8-tendran-la-edicion-especial-plus-en-espana","status":"publish","type":"post","link":"https:\/\/dimensionturistica.com\/es\/los-audi-q7-y-q8-tendran-la-edicion-especial-plus-en-espana\/","title":{"rendered":"Los Audi Q7 y Q8 tendr\u00e1n la edici\u00f3n especial Plus en Espa\u00f1a"},"content":{"rendered":"<p> <br \/>\n<\/p>\n<p>\t<span class=\"icon-user\"\/>Escrito por: David Lopez\u00a0\u00a0\u00a0<span class=\"icon-twitter\"><a rel=\"nofollow noopener\" target=\"_blank\" href=\"https:\/\/twitter.com\/espacionblanco\">@espacionblanco<\/a><\/span>\u00a0\u00a0\u00a0<span class=\"icon-calendar\"\/> 18 marzo 2021\u00a0\u00a0\u00a0\u00a0<span class=\"icon-stopwatch\"\/> 3 minutos\n<\/p>\n<div>\n<div class=\"excerpt\">\n<p>Dedicada de manera exclusiva para Espa\u00f1a, toda la gama al completo de los Audi Q7 y Q8 se podr\u00e1n beneficiar de la interesante edici\u00f3n especial \u00abPlus\u00bb<\/p>\n<\/div>\n<p>Los clientes espa\u00f1oles de Audi que est\u00e9n pensando en hacerse con un Q7 o un Q8 est\u00e1n de enhorabuena, porque si lo desean ahora podr\u00e1n hacerse con la <strong>edici\u00f3n especial \u00abPlus\u00bb<\/strong> que la marca ha destinado de manera exclusiva para nuestro pa\u00eds, una edici\u00f3n especial con la que estos clientes se beneficiar\u00e1n de un equipamiento de serie muy interesante y sobretodo muy completo que les supondr\u00e1 un ahorro respecto a si se eligiera individualmente.<\/p>\n<p>Lo mejor de todo es que esta edici\u00f3n especial \u00abPlus\u00bb no va dirigido a una variante en concreto de los Q7 y Q8, sino que <strong>estar\u00e1 disponible para toda la gama al completo<\/strong>, aunque si hay un \u00abpero\u00bb que tenemos que tener en cuenta, ya que ir\u00e1 asociado a dos de los acabados disponibles para estos modelos. El primero de ellos es el acabado S Line, que con un <strong>sobrecoste de 5.500 euros<\/strong> respecto a \u00e9ste el <strong>S Line Plus<\/strong> a\u00f1ade los siguientes elementos:<\/p>\n<ul>\n<li>Faros Matrix LED<\/li>\n<li>Techo Panor\u00e1mico<\/li>\n<li>Asientos el\u00e9ctricos delanteros con memoria<\/li>\n<li>Espejos exteriores abatibles el\u00e9ctricamente con funci\u00f3n memoria<\/li>\n<li>Paquete de asistentes Metropolis<\/li>\n<li>Paquete de asistentes de aparcamiento Plus<\/li>\n<\/ul>\n<p><img decoding=\"async\" src=\"https:\/\/kyalami-adspotmediasoluc.netdna-ssl.com\/comun\/img\/1x1.trans.gif\" data-lazy-src=\"https:\/\/dimensionturistica.com\/es\/wp-content\/uploads\/2021\/03\/Los-Audi-Q7-y-Q8-tendran-la-edicion-especial-Plus.jpg\" loading=\"lazy\" class=\"aligncenter size-full wp-image-373042 img-responsive\" alt=\"Audi Q8 (1)\" width=\"1608\" height=\"1055\"  \/><noscript><img decoding=\"async\" loading=\"lazy\" class=\"aligncenter size-full wp-image-373042 img-responsive\" src=\"https:\/\/dimensionturistica.com\/es\/wp-content\/uploads\/2021\/03\/Los-Audi-Q7-y-Q8-tendran-la-edicion-especial-Plus.jpg\" alt=\"Audi Q8 (1)\" width=\"1608\" height=\"1055\"  \/><\/noscript><\/p>\n<p>El segundo de los acabados que nos permitir\u00e1 seleccionar Audi para optar a la edici\u00f3n \u00abPlus\u00bb es el Black Line que, con un <strong>sobrecoste sobre \u00e9ste de 8.500 euros<\/strong>, a\u00f1ade para el <strong>Black Line Plus<\/strong> a parte de los anteriormente descritos los siguientes elementos:<\/p>\n<ul>\n<li>Asientos deportivos S<\/li>\n<li>Tapicer\u00eda en cuero Valcona con acolchado en rombos<\/li>\n<li>Asientos traseros Plus<\/li>\n<li>Volante calefactable<\/li>\n<li>Paquete de asistentes Tour<\/li>\n<li>Paquete de luces de ambiente y contorno<\/li>\n<\/ul>\n<p>Como os comentaba anteriormente toda la gama de los Audi Q7 y Q8 se podr\u00e1 beneficiar de esta edici\u00f3n especial \u00abPlus\u00bb siempre y cuando elijamos los acabados <em>S Line<\/em> o <em>Black Line<\/em>, pero <strong>ademas las versiones m\u00e1s radicales SQ7 y SQ8 tambi\u00e9n podr\u00e1 beneficiarse de ella<\/strong>. Estas dos versiones ya cuenta de por si con un equipamiento de serie de lo m\u00e1s completo, el cual ahora se ver\u00e1 ampliado con todo lo incluido en los dos acabados anteriores.<\/p>\n<p><img decoding=\"async\" src=\"https:\/\/kyalami-adspotmediasoluc.netdna-ssl.com\/comun\/img\/1x1.trans.gif\" data-lazy-src=\"https:\/\/dimensionturistica.com\/es\/wp-content\/uploads\/2021\/03\/1616050042_162_Los-Audi-Q7-y-Q8-tendran-la-edicion-especial-Plus.jpg\" loading=\"lazy\" class=\"aligncenter size-full wp-image-373044 img-responsive\" alt=\"Audi Sq8\" width=\"1608\" height=\"1072\"  \/><noscript><img decoding=\"async\" loading=\"lazy\" class=\"aligncenter size-full wp-image-373044 img-responsive\" src=\"https:\/\/dimensionturistica.com\/es\/wp-content\/uploads\/2021\/03\/1616050042_162_Los-Audi-Q7-y-Q8-tendran-la-edicion-especial-Plus.jpg\" alt=\"Audi Sq8\" width=\"1608\" height=\"1072\"  \/><\/noscript><\/p>\n<p>Cabe destacar que los paquetes de asistentes incluidos ser\u00e1n de los m\u00e1s completos, por ejemplo, dentro del <strong>paquete de asistentes Metropolis<\/strong> encontramos el asistente de intersecciones, aviso de cambio de carril, asistente de salida de emergencia exit warning, el asistente de tr\u00e1fico cruzado trasero cross site visitors help rear y el paquete Audi pre sense 360\u00b0 (dentro de este paquete se incluye los sistemas Audi pre sense entrance, Audi pre sense rear, Audi pre sense primary y Audi pre sense facet).<\/p>\n<p>El <strong>paquete de asistentes Tour<\/strong> har\u00e1 que nuestros viajes sean aun m\u00e1s seguros con la inclusi\u00f3n del asistente de crucero adaptativo con funciones del management de crucero adaptativo, asistente a la conducci\u00f3n en atascos, lively lane help, asistente de eficiencia (capaz de hacer que el veh\u00edculo acelere y frene de forma predictiva en funci\u00f3n de la informaci\u00f3n que le llega de los distintos sensores y c\u00e1maras), asistente de esquiva, el asistente de giro y el emergency help.<\/p>\n<p><img decoding=\"async\" src=\"https:\/\/kyalami-adspotmediasoluc.netdna-ssl.com\/comun\/img\/1x1.trans.gif\" data-lazy-src=\"https:\/\/dimensionturistica.com\/es\/wp-content\/uploads\/2021\/03\/1616050042_357_Los-Audi-Q7-y-Q8-tendran-la-edicion-especial-Plus.jpg\" loading=\"lazy\" class=\"aligncenter size-full wp-image-373041 img-responsive\" alt=\"Audi Q7\" width=\"1608\" height=\"1072\"  \/><noscript><img decoding=\"async\" loading=\"lazy\" class=\"aligncenter size-full wp-image-373041 img-responsive\" src=\"https:\/\/dimensionturistica.com\/es\/wp-content\/uploads\/2021\/03\/1616050042_357_Los-Audi-Q7-y-Q8-tendran-la-edicion-especial-Plus.jpg\" alt=\"Audi Q7\" width=\"1608\" height=\"1072\"  \/><\/noscript><\/p>\n<p>Por \u00faltimo, el <strong>paquete de aparcamiento asistido Plus<\/strong> es una de las \u00faltimas novedades de Audi y en el se incluyen las c\u00e1maras de entorno 360 grados y un nuevo sistema Audi park help plus, con el que el veh\u00edculo asume el management de la direcci\u00f3n, el acelerador, el freno y adem\u00e1s es capaz de apagar el motor una vez que se finaliza la maniobra de aparcamiento, todo ello gracias a la combinaci\u00f3n de 12 sensores y las im\u00e1genes de las c\u00e1maras que est\u00e1n monitorizando en todo momento.<\/p>\n<p class=\"etiquetas\">\n\t\t\t\t\t\t\t\t\t\t\t<a rel=\"nofollow noopener\" target=\"_blank\" href=\"https:\/\/www.highmotor.com\/coches\/audi\"><span class=\"icon-price-tag\"\/>Audi<\/a> <a rel=\"nofollow noopener\" target=\"_blank\" href=\"https:\/\/www.highmotor.com\/coches\/audi-q7\"><span class=\"icon-price-tag\"\/>Q7<\/a> <a rel=\"nofollow noopener\" target=\"_blank\" href=\"https:\/\/www.highmotor.com\/coches\/audi-q8\"><span class=\"icon-price-tag\"\/>Q8<\/a> <a rel=\"nofollow noopener\" target=\"_blank\" href=\"https:\/\/www.highmotor.com\/cat\/tipo\/suv\">SUV<\/a> <a rel=\"nofollow noopener\" target=\"_blank\" href=\"https:\/\/www.highmotor.com\/tag\/edicion-especial-plus\">#edici\u00f3n especial Plus<\/a> \t\t\t\t\t\t\t\t<\/p>\n<\/p><\/div>\n<p><script async src=\"\/\/platform.twitter.com\/widgets.js\" charset=\"utf-8\"><\/script><script>\n!function(f,b,e,v,n,t,s)\n{if(f.fbq)return;n=f.fbq=function(){n.callMethod?\nn.callMethod.apply(n,arguments):n.queue.push(arguments)};\nif(!f._fbq)f._fbq=n;n.push=n;n.loaded=!0;n.version='2.0';\nn.queue=[];t=b.createElement(e);t.async=!0;\nt.src=v;s=b.getElementsByTagName(e)[0];\ns.parentNode.insertBefore(t,s)}(window,document,'script',\n'https:\/\/connect.facebook.net\/en_US\/fbevents.js');\n fbq('init', '471992936556058'); \nfbq('track', 'PageView');\n<\/script><script>\n  !function(f,b,e,v,n,t,s)\n  {if(f.fbq)return;n=f.fbq=function(){n.callMethod?\n  n.callMethod.apply(n,arguments):n.queue.push(arguments)};\n  if(!f._fbq)f._fbq=n;n.push=n;n.loaded=!0;n.version='2.0';\n  n.queue=[];t=b.createElement(e);t.async=!0;\n  t.src=v;s=b.getElementsByTagName(e)[0];\n  s.parentNode.insertBefore(t,s)}(window, document,'script',\n  'https:\/\/connect.facebook.net\/en_US\/fbevents.js');\n  fbq('init', '238868916783613');\n  fbq('track', 'PageView');\n<\/script><br \/>\n<br \/><\/p>\n<p><em> &#8221; Fuentes www.highmotor.com &#8221; <\/em><\/p>\n","protected":false},"excerpt":{"rendered":"<p>Escrito por: David Lopez\u00a0\u00a0\u00a0@espacionblanco\u00a0\u00a0\u00a0 18 marzo 2021\u00a0\u00a0\u00a0\u00a0 3 minutos Dedicada de manera exclusiva para Espa\u00f1a, toda la gama al completo de los Audi Q7 y Q8 se podr\u00e1n beneficiar de la interesante edici\u00f3n especial \u00abPlus\u00bb Los clientes espa\u00f1oles de Audi que est\u00e9n pensando en hacerse con un Q7 o un Q8 est\u00e1n de enhorabuena, porque [&hellip;]<\/p>\n","protected":false},"author":4,"featured_media":97833,"comment_status":"open","ping_status":"closed","sticky":false,"template":"","format":"standard","meta":{"om_disable_all_campaigns":false,"jnews-multi-image_gallery":[],"jnews_single_post":[],"jnews_primary_category":[],"jnews_social_meta":[],"footnotes":""},"categories":[41],"tags":[],"class_list":["post-97832","post","type-post","status-publish","format-standard","has-post-thumbnail","hentry","category-cruceros"],"_links":{"self":[{"href":"https:\/\/dimensionturistica.com\/es\/wp-json\/wp\/v2\/posts\/97832","targetHints":{"allow":["GET"]}}],"collection":[{"href":"https:\/\/dimensionturistica.com\/es\/wp-json\/wp\/v2\/posts"}],"about":[{"href":"https:\/\/dimensionturistica.com\/es\/wp-json\/wp\/v2\/types\/post"}],"author":[{"embeddable":true,"href":"https:\/\/dimensionturistica.com\/es\/wp-json\/wp\/v2\/users\/4"}],"replies":[{"embeddable":true,"href":"https:\/\/dimensionturistica.com\/es\/wp-json\/wp\/v2\/comments?post=97832"}],"version-history":[{"count":0,"href":"https:\/\/dimensionturistica.com\/es\/wp-json\/wp\/v2\/posts\/97832\/revisions"}],"wp:featuredmedia":[{"embeddable":true,"href":"https:\/\/dimensionturistica.com\/es\/wp-json\/wp\/v2\/media\/97833"}],"wp:attachment":[{"href":"https:\/\/dimensionturistica.com\/es\/wp-json\/wp\/v2\/media?parent=97832"}],"wp:term":[{"taxonomy":"category","embeddable":true,"href":"https:\/\/dimensionturistica.com\/es\/wp-json\/wp\/v2\/categories?post=97832"},{"taxonomy":"post_tag","embeddable":true,"href":"https:\/\/dimensionturistica.com\/es\/wp-json\/wp\/v2\/tags?post=97832"}],"curies":[{"name":"wp","href":"https:\/\/api.w.org\/{rel}","templated":true}]}}