{"id":978245,"date":"2025-05-18T01:45:27","date_gmt":"2025-05-18T01:45:27","guid":{"rendered":"https:\/\/dimensionturistica.com\/es\/?p=978245"},"modified":"2025-05-18T01:45:27","modified_gmt":"2025-05-18T01:45:27","slug":"gucci-vuelve-a-la-cuna-de-su-historia-con-una-coleccion-crucero-2026-que-rinde-homenaje-a-sus-raices-y-a-su-evolucion","status":"publish","type":"post","link":"https:\/\/dimensionturistica.com\/es\/gucci-vuelve-a-la-cuna-de-su-historia-con-una-coleccion-crucero-2026-que-rinde-homenaje-a-sus-raices-y-a-su-evolucion\/","title":{"rendered":"Gucci vuelve a la cuna de su historia con una colecci\u00f3n Crucero 2026 que rinde homenaje a sus ra\u00edces y a su evoluci\u00f3n."},"content":{"rendered":"<h3>Florencia: La Esencia de Gucci y la Belleza Renovada<\/h3>\n<p>Florencia, cuna del Renacimiento y epicentro del arte, la moda y la cultura, vuelve a ser protagonista en la escena internacional con el regreso triunfal de Gucci. La prestigiosa casa de moda italiana ha desvelado su nueva colecci\u00f3n Crucero 2026 en un evento que celebra tanto su rica historia como su modernidad vibrante. Este acontecimiento no solo subraya la conexi\u00f3n de la marca con su tierra natal, sino que tambi\u00e9n invita a los amantes de la moda y del turismo a explorar los encantos inigualables de esta ciudad.<\/p>\n<h3>Una Colecci\u00f3n que Cuenta Historias<\/h3>\n<p>La colecci\u00f3n lanzada en Florencia es una oda a la herencia de Gucci, entrelazando elementos cl\u00e1sicos con un enfoque contempor\u00e1neo. Dise\u00f1adores y creativos han tomado inspiraci\u00f3n del pasado, reinterpretando iconos y motivos que han definido la marca durante d\u00e9cadas. Esta fusi\u00f3n de lo viejo y lo nuevo no solo se refleja en la moda, sino tambi\u00e9n en la forma en que los visitantes pueden experimentar la ciudad.<\/p>\n<h3>La Florencia Moderna<\/h3>\n<p>Visitar Florencia es sumergirse en un viaje donde la tradici\u00f3n y la innovaci\u00f3n conviven en perfecta armon\u00eda. Desde la majestuosidad de la Catedral de Santa Mar\u00eda del Fiore hasta las tiendas de dise\u00f1o contempor\u00e1neo que salpican el centro hist\u00f3rico, la ciudad se siente viva con un esp\u00edritu renovador. El desfile de Gucci, que se llev\u00f3 a cabo en un escenario emblem\u00e1tico, sirvi\u00f3 para reavivar el inter\u00e9s por explorar sus calles y plazas.<\/p>\n<h3>Un Viaje Sensorial<\/h3>\n<p>Florencia no es solo un destino; es una experiencia que apela a todos los sentidos. Los aromas de la cocina toscana, la est\u00e9tica de su arquitectura y la calidez de sus gentes crean un ambiente que envuelve al visitante. Adem\u00e1s, el evento de Gucci fue una excusa ideal para disfrutar de la gastronom\u00eda local, desde un aut\u00e9ntico gelato hasta una cena en una trattoria con vistas al Ponte Vecchio.<\/p>\n<h3>La Moda como Motor Tur\u00edstico<\/h3>\n<p>El regreso de Gucci a Florencia subraya la moda como un motor clave en el turismo de la ciudad. La confluencia de arte, dise\u00f1o y cultura atrae a viajeros de todo el mundo, que buscan no solo productos de alta calidad, sino tambi\u00e9n un sentido de pertenencia a esa rica herencia cultural. La marca ha logrado establecer un puente entre el lujo y la autenticidad, lo que se traduce en un atractivo irresistiblemente fresco para los turistas.<\/p>\n<h3>Conclusi\u00f3n: Un Destino para Todos<\/h3>\n<p>Con su reciente colecci\u00f3n, Gucci no solo reafirma su v\u00ednculo con Florencia, sino que tambi\u00e9n marca el camino hacia un futuro donde la tradici\u00f3n y la innovaci\u00f3n contin\u00faan entrelaz\u00e1ndose. Para los amantes de la moda, la cultura y la historia, un viaje a esta ciudad renacentista ofrece una experiencia \u00fanica y memorable. Ya sea que busques perderte en sus museos, disfrutar de su gastronom\u00eda o encontrar las \u00faltimas tendencias, Florencia se erige como un destino que sigue siendo relevante y cautivador en el mapa del turismo mundial.<\/p>\n<p>As\u00ed, al planear tu pr\u00f3xima escapada, no olvides que Florencia es un destino que, al igual que Gucci, nunca deja de renovarse y sorprender. \u00a1Sum\u00e9rgete en su magia y descubre lo que la ciudad tiene reservado para ti!<\/p>\n<p><em> &#8221; Sources www.articulo14.es &#8221; <\/em><\/p>\n<p><em> &#8221; Fuentes www.articulo14.es &#8221; <\/em><\/p>\n","protected":false},"excerpt":{"rendered":"<p>Florencia: La Esencia de Gucci y la Belleza Renovada Florencia, cuna del Renacimiento y epicentro del arte, la moda y la cultura, vuelve a ser protagonista en la escena internacional con el regreso triunfal de Gucci. La prestigiosa casa de moda italiana ha desvelado su nueva colecci\u00f3n Crucero 2026 en un evento que celebra tanto [&hellip;]<\/p>\n","protected":false},"author":4,"featured_media":978246,"comment_status":"open","ping_status":"closed","sticky":false,"template":"","format":"standard","meta":{"om_disable_all_campaigns":false,"jnews-multi-image_gallery":[],"jnews_single_post":[],"jnews_primary_category":[],"jnews_social_meta":[],"footnotes":""},"categories":[41],"tags":[26993,190872,3743,1720,7136,45761,1726,659,22382],"class_list":["post-978245","post","type-post","status-publish","format-standard","has-post-thumbnail","hentry","category-cruceros","tag-alta-costura","tag-coleccion-crucero-2026","tag-diseno","tag-estilo-de-vida","tag-florencia","tag-gucci","tag-herencia","tag-moda","tag-renovacion"],"_links":{"self":[{"href":"https:\/\/dimensionturistica.com\/es\/wp-json\/wp\/v2\/posts\/978245","targetHints":{"allow":["GET"]}}],"collection":[{"href":"https:\/\/dimensionturistica.com\/es\/wp-json\/wp\/v2\/posts"}],"about":[{"href":"https:\/\/dimensionturistica.com\/es\/wp-json\/wp\/v2\/types\/post"}],"author":[{"embeddable":true,"href":"https:\/\/dimensionturistica.com\/es\/wp-json\/wp\/v2\/users\/4"}],"replies":[{"embeddable":true,"href":"https:\/\/dimensionturistica.com\/es\/wp-json\/wp\/v2\/comments?post=978245"}],"version-history":[{"count":0,"href":"https:\/\/dimensionturistica.com\/es\/wp-json\/wp\/v2\/posts\/978245\/revisions"}],"wp:featuredmedia":[{"embeddable":true,"href":"https:\/\/dimensionturistica.com\/es\/wp-json\/wp\/v2\/media\/978246"}],"wp:attachment":[{"href":"https:\/\/dimensionturistica.com\/es\/wp-json\/wp\/v2\/media?parent=978245"}],"wp:term":[{"taxonomy":"category","embeddable":true,"href":"https:\/\/dimensionturistica.com\/es\/wp-json\/wp\/v2\/categories?post=978245"},{"taxonomy":"post_tag","embeddable":true,"href":"https:\/\/dimensionturistica.com\/es\/wp-json\/wp\/v2\/tags?post=978245"}],"curies":[{"name":"wp","href":"https:\/\/api.w.org\/{rel}","templated":true}]}}