{"id":97776,"date":"2021-03-18T05:06:08","date_gmt":"2021-03-18T05:06:08","guid":{"rendered":"https:\/\/dimensionturistica.com\/es\/?p=97776"},"modified":"2021-03-18T05:06:08","modified_gmt":"2021-03-18T05:06:08","slug":"a-30-anos-del-primer-viaje-de-familiares-de-caidos-a-malvinas-emocion-rezos-en-tumbas-desconocidas-y-el-desahogo-de-llorar-a-sus-muertos","status":"publish","type":"post","link":"https:\/\/dimensionturistica.com\/es\/a-30-anos-del-primer-viaje-de-familiares-de-caidos-a-malvinas-emocion-rezos-en-tumbas-desconocidas-y-el-desahogo-de-llorar-a-sus-muertos\/","title":{"rendered":"A 30 a\u00f1os del primer viaje de familiares de ca\u00eddos a Malvinas: emoci\u00f3n, rezos en tumbas desconocidas y el desahogo de llorar a sus muertos"},"content":{"rendered":"<p> <br \/>\n<\/p>\n<div>\n<div class=\"visual__image  image_container\"><img decoding=\"async\" alt=\"La madre del soldado Araujo (con anteojos) y de espaldas su hija Mar\u00eda Fernanda, en el cementerio de Darwin.\" height=\"767\" width=\"1024\" src=\"https:\/\/dimensionturistica.com\/es\/wp-content\/uploads\/2021\/03\/A-30-anos-del-primer-viaje-de-familiares-de-caidos.jpg\"  \/><figcaption>La madre del soldado Araujo (con anteojos) y de espaldas su hija Mar\u00eda Fernanda, en el cementerio de Darwin.<\/figcaption><\/div>\n<p class=\"paragraph\"><b>Mar\u00eda Fernanda<\/b> fue siempre \u201cla hermana pesadilla\u201d de <b>Elbio Eduardo Araujo Pen\u00f3n<\/b>, soldado clase 62, de la compa\u00f1\u00eda B del Regimiento 7. Diez a\u00f1os menor, se adoraban, ella lo segu\u00eda ad\u00f3nde iba y \u00e9l siempre le tuvo mucha paciencia. Si al fin de cuentas hab\u00eda llegado al mundo por su insistencia de tener un hermanito.<\/p>\n<p class=\"paragraph\">Ese <b>lunes 18 de marzo de 1991<\/b>, bien temprano, junto a un multitudinario grupo de familiares de ca\u00eddos en la guerra, abord\u00f3 junto a su pap\u00e1 Elbio Laureano y su mam\u00e1 Mar\u00eda del Carmen un Boeing de Aerol\u00edneas Argentinas de dos pisos, con el nombre \u201cArgentinas\u201d convenientemente tapado de acuerdo a las exigencias brit\u00e1nicas. Para muchos, period la primera vez que volar\u00edan. <b>Solo pod\u00edan viajar tres personas por familia.<\/b><\/p>\n<p class=\"paragraph\"><b>Elbio<\/b> hab\u00eda nacido en Col\u00f3n, Entre R\u00edos el 2 de septiembre de 1962. Period muy extrovertido y divertido. \u201cHasta a los jefes militares se tentaban cuando le llamaban la atenci\u00f3n, por sus reacciones\u201d, remarc\u00f3 su hermana. Period el \u201ccabez\u00f3n\u201d, \u201c\u00f1ato\u201d, \u201cEduardito\u201d. Sus compa\u00f1eros de la secundaria le hab\u00edan puesto \u201cDady\u201d. <b>Al momento de enlistarse, estaba terminando el secundario en una escuela para adultos en Avellaneda.<\/b><\/p>\n<p class=\"paragraph\">Minutos antes de llegar, <b>el piloto les anunci\u00f3 que los brit\u00e1nicos exig\u00edan mantener cerradas las ventanillas durante el aterrizaje. <\/b>Todos simularon obedecer, aunque dejaron hendijas por donde espiaron esa tierra argentina donde descansaban sus seres queridos. Mar\u00eda del Carmen, mam\u00e1 de Elbio, tiene 84 a\u00f1os y tambi\u00e9n es entrerriana como su hijo, pero nacida en San Jos\u00e9. Describi\u00f3 que ver las islas <mark class=\"hl_yellow\">\u201cfue muy fuerte. Al espiar, parec\u00edan dibujadas en el oc\u00e9ano. Sent\u00ed una gran emoci\u00f3n al pisar su suelo, el mismo que pis\u00f3 mi hijo\u201d.<\/mark><\/p>\n<div class=\"visual__image  image_container\"><img decoding=\"async\" alt=\"El avi\u00f3n de Aerol\u00edneas Argentinas, minutos antes de despegar hacia Malvinas, ese 18 de marzo de 1991. Se ve  c\u00f3mo la palabra &quot;argentinas&quot; est\u00e1 semi tapada. Foto de Gustavo D'Antiochia publicada en la Gaceta Aeron\u00e1utica.\" height=\"530\" width=\"960\" src=\"https:\/\/dimensionturistica.com\/es\/wp-content\/uploads\/2021\/03\/1616043967_101_A-30-anos-del-primer-viaje-de-familiares-de-caidos.jpg\"  \/><figcaption>El avi\u00f3n de Aerol\u00edneas Argentinas, minutos antes de despegar hacia Malvinas, ese 18 de marzo de 1991. Se ve  c\u00f3mo la palabra &#8220;argentinas&#8221; est\u00e1 semi tapada. Foto de Gustavo D&#8217;Antiochia publicada en la Gaceta Aeron\u00e1utica.<\/figcaption><\/div>\n<p class=\"paragraph\">Al aterrizar en la base de<b> Mount Nice<\/b> los alojaron en galpones calefaccionados, con ventanas con los vidrios cubiertos. Supervisaban militares de uniforme, mientras que private vestido como cooks, con gorros incluidos, les ofrecieron de comer.<\/p>\n<p class=\"paragraph\">Fueron divididos en grupos, a los que identificaron con colores. A los Araujo les toc\u00f3 el azul. Por tandas, los hicieron abordar helic\u00f3pteros muy grandes. <b>Mar\u00eda Fernanda<\/b> record\u00f3 a <b>Infobae<\/b> que la m\u00e1quina se sacud\u00eda mucho y tuvo a maltraer a <b>Antonia<\/b>, la mam\u00e1, muy anciana, del teniente <b>Juan Domingo Baldini<\/b>, que se descompuso.<\/p>\n<p class=\"paragraph\"><b>Elbio estaba de novio con Nora. Al despedirse, \u00e9l le bes\u00f3 la nariz y le prometi\u00f3 casamiento a su regreso. Con el tiempo, ella form\u00f3 su familia, y en las noches se despertaba llam\u00e1ndolo. Cuando enferm\u00f3 de c\u00e1ncer, dijo que entend\u00eda todo, que Eduardo la ven\u00eda a buscar. Falleci\u00f3 en 2003.<\/b><\/p>\n<p class=\"paragraph\">En medio de una profunda desolaci\u00f3n, llegaron al cementerio. <mark class=\"hl_yellow\">\u201cRecuerdos traum\u00e1ticos son los que tengo de aquel momento\u201d<\/mark>, afirm\u00f3 Mar\u00eda Fernanda. Solo se escuchaban gritos de dolor y llanto de los familiares frente a las tumbas, la mayor\u00eda sin nombre, aunque de pronto alguien sorprend\u00eda con un \u201c\u00a1Aqu\u00ed est\u00e1!\u201d, al hallar el nombre de su acquainted. Aquellas ten\u00edan la leyenda, en ingl\u00e9s, de \u201csoldado argentino conocido por el Se\u00f1or\u201d.<\/p>\n<div class=\"visual__image  image_container\"><img decoding=\"async\" alt=\"Elbio Eduardo Araujo Pen\u00f3n, el soldado que era pura alegr\u00eda y extroversi\u00f3n.\" height=\"400\" width=\"311\" src=\"https:\/\/dimensionturistica.com\/es\/wp-content\/uploads\/2021\/03\/1616043967_581_A-30-anos-del-primer-viaje-de-familiares-de-caidos.jpg\"  \/><figcaption>Elbio Eduardo Araujo Pen\u00f3n, el soldado que period pura alegr\u00eda y extroversi\u00f3n.<\/figcaption><\/div>\n<p class=\"paragraph\"><b>Mar\u00eda del Carmen<\/b>, acompa\u00f1ada por las madres de los soldados <b>Miguel Arrascaeta<\/b> y <b>Miguel Angel Gonz\u00e1lez<\/b>, decidieron rezarles a tres tumbas que no estaban identificadas, ubicadas una al lado de la otra. \u201cLas hicimos nuestras\u201d, explic\u00f3. <b>A\u00f1os despu\u00e9s sabr\u00edan que la elegida por Mar\u00eda del Carmen descansaba los restos del Perro Cisnero.<\/b><\/p>\n<p class=\"paragraph\">Fue el domingo 11 de abril de 1982 cuando, a fuerza de insistir ante las autoridades militares, vieron a <b>Elbio<\/b> en la plaza de armas del Regimiento 7. Fue el \u00faltimo abrazo. \u201cVolveremos\u201d, prometi\u00f3. <b>Elbio morir\u00eda por una bomba que impact\u00f3 en su trinchera el 11 de junio en Monte Longdon. <\/b>Su pap\u00e1 nunca pudo sobreponerse. Muri\u00f3 en 2012.<\/p>\n<p class=\"paragraph\"><b>Mar\u00eda Fernanda hab\u00eda llevado una peque\u00f1a bandera argentina, que hab\u00eda ocultado en su corpi\u00f1o.<\/b> En el tiempo que estuvieron en el cementerio, la mantuvo enterrada en la tumba, y al partir la desenterr\u00f3 y se la trajo de vuelta, impregnada con tierra de Malvinas.<\/p>\n<p class=\"paragraph\">Los propios ingleses se sorprend\u00edan y ayudaban a los familiares a recoger pu\u00f1ados de esa fr\u00eda turba malvinera, que se llevaban al continente. <b>Fue triste enterarse que, una vez que partieron, los brit\u00e1nicos retiraron las placas y recordatorios que hab\u00edan dejado en las tumbas colmadas de flores artificiales y rosarios.<\/b><\/p>\n<div class=\"visual__image  image_container\"><img decoding=\"async\" alt=\"Los Araujo en la tumba, con las cruces originales, que hab\u00edan elegido para rezarle a su hijo. A\u00f1os despu\u00e9s se enterar\u00edan que all\u00ed est\u00e1 sepultado Mario Cisnero.\" height=\"770\" width=\"554\" src=\"https:\/\/dimensionturistica.com\/es\/wp-content\/uploads\/2021\/03\/1616043967_662_A-30-anos-del-primer-viaje-de-familiares-de-caidos.jpg\"  \/><figcaption>Los Araujo en la tumba, con las cruces originales, que hab\u00edan elegido para rezarle a su hijo. A\u00f1os despu\u00e9s se enterar\u00edan que all\u00ed est\u00e1 sepultado Mario Cisnero.<\/figcaption><\/div>\n<p class=\"paragraph\">En mayo de 1983 un reducido grupo de familiares intent\u00f3 llegar a las islas en barco. Cuando en <b>Puerto Madryn<\/b> se enteraron de la advertencia inglesa que usar\u00edan todos los medios a su alcance para evitar el desembarco, se juramentaron no solo llegar a las islas, sino adem\u00e1s construir un monumento en el cementerio en Darwin y colocar en una ermita una imagen de la Virgen de Luj\u00e1n. <mark class=\"hl_yellow\">\u201cEn el combate muchos soldados ped\u00edan por sus madres y nos pareci\u00f3 adecuado llevar a la Virgen, la madre de todos\u201d, <\/mark>explic\u00f3 Mar\u00eda Fernanda. <b>Esa imagen, antes de llegar a las islas, realiz\u00f3 un extenso peregrinaje que empez\u00f3 en La Quiaca, cruz\u00f3 todo el pa\u00eds, incluso pas\u00f3 por la Ant\u00e1rtida.<\/b> En el 2004 se la coloc\u00f3 en una ermita en el cementerio en Darwin y el 10 de octubre de 2009 qued\u00f3 inaugurado el monumento.<\/p>\n<p class=\"paragraph\"><b>Mar\u00eda Fernanda<\/b> es la precise titular de la Comisi\u00f3n de Familiares de Ca\u00eddos en Malvinas e Islas del Atl\u00e1ntico Sur. Dicha comisi\u00f3n ya lleva realizados una treintena de viajes a las islas, dos al lugar donde fue hundido el Crucero Normal Belgrano, pero en sus 39 a\u00f1os de existencia a\u00fan ceja por conseguir un espacio f\u00edsico propio.<mark class=\"hl_yellow\"> \u201cA\u00fan no pudimos llegar a las autoridades del Gobierno de la Ciudad de Buenos Aires para que nos ayude a conseguir un lugar. Contamos con la invalorable ayuda de Eduardo Eurnekian, padrino de nuestra instituci\u00f3n, quien ha financiado los viajes, el monumento y permanentemente nos acompa\u00f1a\u201d<\/mark>, remarc\u00f3.<\/p>\n<p class=\"paragraph\">Los restos del \u201ccabez\u00f3n\u201d o \u201c\u00f1ato\u201d <b>Araujo<\/b>, que en la trinchera se la pasaba cantando \u201cColina de la Vida\u201d, de Le\u00f3n Gieco ayudado por la percusi\u00f3n en una lata de dulce de batata, ocupa la cruz n\u00famero 16 del sector B3 del cementerio de Darwin. <b>Cuando fue identificado, su mam\u00e1 recibi\u00f3 las pertenencias con las que hab\u00eda sido enterrado: una imagen de la Virgen de la Merced; una medallita de la Virgen de los Milagros enlazada en un cord\u00f3n de borcegu\u00ed; dos p\u00e1ginas amarillas de la Biblia; una libreta del Ej\u00e9rcito; una c\u00e9dula de conducir y el comprobante de pago de la cuota de la escuela donde estaba finalizando el secundario. <\/b>En la plaza de su Col\u00f3n natal hay un busto que lo recuerda, el primero a un conscripto veterano de Malvinas.<\/p>\n<p class=\"paragraph\"><b>Cisnero: \u201cSe fue sin despedirse\u201d<\/b><\/p>\n<p class=\"paragraph\">La familia <b>Cisnero<\/b> es de Catamarca. <b>Mario Antonio<\/b>, sargento primero, de la Compa\u00f1\u00eda de Comandos 602, muri\u00f3 el 10 de junio. <b>No quiso que nadie en la familia se enterase que iba a Malvinas, para no preocupar a sus ocho hermanos, cada uno con sus familias, y menos a su pap\u00e1 Luis, delicado de salud. <\/b>Su mam\u00e1 Elisa Antonia hac\u00eda un a\u00f1o que hab\u00eda fallecido. Solo sab\u00eda del secreto su hermano H\u00e9ctor.<b> <\/b><mark class=\"hl_yellow\">\u201cSe fue sin despedirse\u201d<\/mark>, se lamenta <b>Gladys<\/b>, una de sus hermanas.<\/p>\n<p class=\"paragraph\">Ella viaj\u00f3 junto a la menor <b>Zulma Adriana <\/b>y el propio <b>H\u00e9ctor<\/b>, por entonces presidente de la Comisi\u00f3n de Familiares. El m\u00e9dico le prohibi\u00f3 al padre ir. Unos d\u00edas antes en Buenos Aires, recibieron asistencia psicol\u00f3gica y vivieron momentos de angustia cuando a cada uno les entregaron un croquis con la ubicaci\u00f3n de sus seres queridos en el cementerio.<\/p>\n<div class=\"visual__image  image_container\"><img decoding=\"async\" alt=\"El sargento primero Mario Antonio Cisnero. Para no preocupar a su familia, solo le revel\u00f3 a su hermano H\u00e9ctor que iba a Malvinas.\" height=\"168\" width=\"300\" src=\"https:\/\/dimensionturistica.com\/es\/wp-content\/uploads\/2021\/03\/1616043967_399_A-30-anos-del-primer-viaje-de-familiares-de-caidos.jpg\"  \/><figcaption>El sargento primero Mario Antonio Cisnero. Para no preocupar a su familia, solo le revel\u00f3 a su hermano H\u00e9ctor que iba a Malvinas.<\/figcaption><\/div>\n<p class=\"paragraph\"><b>El nombre de Mario no estaba.<\/b><\/p>\n<p class=\"paragraph\">Ese 13 de junio de 1982 los Cisnero celebraron una misa en homenaje a la madre fallecida, en el d\u00eda de su santo, Antonio. En ese momento se enteraron de que \u201cMarito\u201d, como lo llamaban, estaba en la guerra. Esa misma noche golpearon la puerta de la casa acquainted.<b> Les comunicaron que hab\u00eda fallecido el 10<\/b>. Fueron a buscar su Biblia, prendieron velas y estuvieron toda la noche rezando.<\/p>\n<p class=\"paragraph\"><b>Gladys <\/b>llevaba en su equipaje una virgen de pl\u00e1stico de unos veinte cent\u00edmetros. Su pap\u00e1 le hab\u00eda encargado que la dejase en el cementerio. Conten\u00eda un peque\u00f1o recipiente con agua bendita de la catedral catamarque\u00f1a. <b>El funcionario de la Cruz Roja le dijo que no la pod\u00eda pasar porque ten\u00eda en su base el escudo nacional. Ella, con un cutter, lo rasp\u00f3 y lo borr\u00f3. Imposible. Ten\u00eda el manto celeste y blanco, colores prohibidos por los brit\u00e1nicos. <\/b>Debi\u00f3 quedar en Ezeiza.<\/p>\n<p class=\"paragraph\">A todos les retuvieron las m\u00e1quinas fotogr\u00e1ficas y se las devolvieron una vez que llegaron al cementerio. All\u00ed, en una carpa inmensa, les ofrecieron bebidas calientes y flores de pl\u00e1stico de distintos colores, menos celeste. <b>Ella y su hermana caminaron tomadas de la mano por la nave central del cementerio y eligieron la segunda cruz a la izquierda en la cuarta fila. Su hermano H\u00e9ctor at\u00f3 con alambre a la cruz existente otra que hab\u00eda mandado a hacer de quebracho.<\/b><\/p>\n<p class=\"paragraph\">Hace dos a\u00f1os <b>Gladys <\/b>supo que la tumba en la que entonces rez\u00f3 est\u00e1 enterrado el soldado <b>Jos\u00e9 Honorio Ortega<\/b>, muerto en combate el 28 de mayo, cuya mam\u00e1 <b>Sonia<\/b> arm\u00f3 un museo en <b>R\u00edo Gallegos<\/b>, su ciudad natal.<\/p>\n<p class=\"paragraph\">A su hermano <b>Mario<\/b> todos le dec\u00edan \u201cperro\u201d; en la fotograf\u00eda de su bautismo de salto en paraca\u00eddas, cuando contaba con 17 a\u00f1os, ya llevaba ese apodo.<mark class=\"hl_yellow\"> \u201cFue un d\u00eda muy conmovedor, donde los familiares nos d\u00e1bamos fuerza unos con otros.<\/mark> Me quedaron muy grabados los gritos de los mellizos Blas, corriendo y preguntando d\u00f3nde estaba su pap\u00e1\u201d, dijo Gladys.<\/p>\n<p class=\"paragraph\">Al mediod\u00eda, almorzaron por tandas y a las cinco de la tarde, con niebla y fr\u00edo, dejaron las islas. <b>Nuevamente en Ezeiza, el mismo funcionario de la Cruz Roja le devolvi\u00f3 la virgen. <\/b><mark class=\"hl_yellow\">\u201cTomela, me tortur\u00f3 todo el d\u00eda\u201d<\/mark>, confes\u00f3 arrepentido. Hoy la imagen est\u00e1 en el mausoleo acquainted en Catamarca.<\/p>\n<p class=\"paragraph\"><b>Est\u00e9vez, el \u201cbendecido por Dios\u201d<\/b><\/p>\n<p class=\"paragraph\"><mark class=\"hl_yellow\">\u201cDos o tres d\u00edas antes de viajar a las islas nos prepararon con la asistencia de psic\u00f3logos, curas, pastores y rabinos\u201d<\/mark><b>, <\/b>remarc\u00f3 <b>Mar\u00eda Mercedes, hermana del teniente Roberto Est\u00e9vez, muerto en el combate de Pradera del Ganso<\/b>. Agreg\u00f3 que exist\u00eda mucho desconocimiento e incertidumbre: m\u00e1s all\u00e1 de que muchos nunca hab\u00edan volado, hubo quienes no hab\u00edan preparado ropa de abrigo.<\/p>\n<p class=\"paragraph\">En Ezeiza debieron dejar las flores naturales que ten\u00edan preparadas. Mar\u00eda Mercedes y su hermano Jos\u00e9 Mar\u00eda pudieron colocar en la tumba identificada del teniente <b>Est\u00e9vez <\/b>una placa recordatoria y un rosario.<\/p>\n<div class=\"visual__image  image_container\"><img decoding=\"async\" alt=\"Tumba del Teniente Est\u00e9vez, quien desde chico inventaba h\u00e9roes que recuperaban las Malvinas (Foto Facebook)\" height=\"576\" width=\"720\" src=\"https:\/\/dimensionturistica.com\/es\/wp-content\/uploads\/2021\/03\/1616043967_587_A-30-anos-del-primer-viaje-de-familiares-de-caidos.jpg\"  \/><figcaption>Tumba del Teniente Est\u00e9vez, quien desde chico inventaba h\u00e9roes que recuperaban las Malvinas (Foto Fb)<\/figcaption><\/div>\n<p class=\"paragraph\">\u201cRoberto era fant\u00e1stico, un fuera de serie. Le apasionaba todo lo que hac\u00eda. Dibujaba muy bien, era zurdo y <mark class=\"hl_yellow\">siendo a\u00fan chico invent\u00f3 una historieta en la que el personaje principal recuperaba la Malvinas<\/mark>; mire usted lo que es la vida\u201d, cont\u00f3 <b>Mar\u00eda Mercedes. <\/b>\u201cEl se sent\u00eda un elegido de Dios por haber sido convocado\u201d.<\/p>\n<p class=\"paragraph\">La mujer recuerda haber tenido que dejar su pasaporte a los funcionarios de la Cruz Roja; la emoci\u00f3n de las palabras del piloto del avi\u00f3n por el orgullo que sent\u00eda de llevar a los familiares; de las cruces de madera, pintadas de blanco, que ten\u00edan clavadas chapitas con el nombre del fallecido y el intenso fr\u00edo que la adrenalina evit\u00f3 que se sintiera en toda su magnitud.<\/p>\n<p class=\"paragraph\">La \u00faltima vez que hab\u00eda visto a su hermano hab\u00eda sido en las fiestas de fin del a\u00f1o 1981, en Posadas, de donde es la familia y <b>guarda como un tesoro las tres cartas que le mand\u00f3 durante la guerra.<\/b><\/p>\n<p class=\"paragraph\">Se sorprendi\u00f3 que el cementerio estuviera tan alejado. Y en la hora que all\u00ed permaneci\u00f3, recuerda la asistencia de los voluntarios de la Cruz Roja, que ofrec\u00edan t\u00e9, caf\u00e9, chocolate, caldo y panes. Tambi\u00e9n hab\u00edan instalado un puesto de primeros auxilios.<\/p>\n<p class=\"paragraph\"><b>Sandoval, todo por sus compa\u00f1eros<\/b><\/p>\n<p class=\"paragraph\">Para <b>Juli\u00e1n,<\/b> hijo de<b> N\u00e9stor Omar Sandoval<\/b>, mayordomo del buque Isla de los Estados, hundido por la fragata Alacrity en la noche del 10 de mayo de 1982, el viaje fue un c\u00famulo de sentimientos. <mark class=\"hl_yellow\">\u201cFue todo muy intenso y a la vez raro y sent\u00ed una sensaci\u00f3n \u00fanica cuando se abri\u00f3 la puerta del avi\u00f3n y puderespirar el aire de Malvinas\u201d<\/mark>, dijo. \u00c9l viaj\u00f3 con su hermana Liliana.<\/p>\n<div class=\"visual__image  image_container\"><img decoding=\"async\" alt=\"N\u00e9stor Omar Sandoval, uno de los tripulantes del buque Isla de los Estados, hundido el 10 de mayo de 1982.\" height=\"359\" width=\"361\" src=\"https:\/\/dimensionturistica.com\/es\/wp-content\/uploads\/2021\/03\/1616043967_946_A-30-anos-del-primer-viaje-de-familiares-de-caidos.jpg\"  \/><figcaption>N\u00e9stor Omar Sandoval, uno de los tripulantes del buque Isla de los Estados, hundido el 10 de mayo de 1982.<\/figcaption><\/div>\n<p class=\"paragraph\">Su pap\u00e1 siempre prefiri\u00f3 que ninguno de sus hijos siguiese la carrera de la marina, y les insist\u00eda que fueran buenas personas. <b>Hoy Juli\u00e1n es arquitecto, y demor\u00f3 a\u00f1os en entender el por qu\u00e9 su pap\u00e1 hab\u00eda ido a la guerra.<\/b> Luego de pasar mucho tiempo ausente por embarcarse en cruceros que cruzaban el oc\u00e9ano, cuando por fin se hab\u00eda empleado en viajes de cabotaje y pod\u00eda estar m\u00e1s tiempo en casa, vino Malvinas. <mark class=\"hl_yellow\">\u201cTuve bronca, porque sent\u00ed que nos volv\u00eda a dejar solos. El nos explicaba que deb\u00eda estar con sus compa\u00f1eros en esa circunstancia tan dif\u00edcil. Que, de otra forma, no hubiera podido mirarlos a los ojos. Hoy entend\u00ed que todos los que lucharon fueron h\u00e9roes, y m\u00e1s los civiles como mi pap\u00e1, ya que tuvo la oportunidad de negarse y sin embargo fue\u201d.<\/mark><\/p>\n<p class=\"paragraph\">En el ataque al Isla de los Estados murieron 23 de sus 25 tripulantes. Los dos \u00fanicos cuerpos que se rescataron al d\u00eda siguiente fueron los del piloto <b>Jos\u00e9 Bottaro<\/b> y el de <b>Sandoval<\/b>. Su hijo recuerda que su tumba es la n\u00famero 14. En diciembre del a\u00f1o pasado, en su La Plata natal, inauguraron un monumento en su homenaje en la rambla de avenida 72 y 23. Siempre dec\u00eda que cuando muriese, le gustar\u00eda ser enterrado en un lugar solitario bajo un cielo l\u00edmpido, rodeado del mar y viento. Como si lo hubiera imaginado.<\/p>\n<p class=\"paragraph\"><b>SEGUIR LEYENDO:<\/b><\/p>\n<div class=\"text-element\"><a rel=\"nofollow noopener\" target=\"_blank\" href=\"https:\/\/www.infobae.com\/def\/desarrollo\/2019\/03\/14\/familiares-de-caidos-en-malvinas-la-paz-de-tener-una-tumba-donde-llorar\/\"><b>Familiares de Ca\u00eddos en Malvinas: la paz de tener una tumba donde llorar<\/b><\/a><\/div>\n<div class=\"text-element\"><a rel=\"nofollow noopener\" target=\"_blank\" href=\"https:\/\/www.infobae.com\/fotos\/2019\/03\/13\/las-58-fotos-del-emotivo-viaje-de-familiares-de-soldados-identificados-a-las-islas-malvinas\/\"><b>Las 75 fotos del emotivo viaje de familiares de soldados identificados a las Islas Malvinas<\/b><\/a><\/div>\n<div class=\"text-element\"><a rel=\"nofollow noopener\" target=\"_blank\" href=\"https:\/\/www.infobae.com\/sociedad\/2019\/03\/13\/identificacion-de-soldados-caidos-en-malvinas-cronica-de-un-dia-inolvidable-para-22-familias\/\"><b>Cr\u00f3nica de un d\u00eda inolvidable para 65 familiares de soldados ca\u00eddos en Malvinas<\/b><\/a><\/div>\n<\/div>\n<p><script defer=\"\">!function(f,b,e,v,n,t,s) {if(f.fbq)return;n=f.fbq=function(){n.callMethod? n.callMethod.apply(n,arguments):n.queue.push(arguments)}; if(!f._fbq)f._fbq=n;n.push=n;n.loaded=!0;n.version='2.0'; n.queue=[];t=b.createElement(e);t.async=!0; t.src=v;s=b.getElementsByTagName(e)[0]; s.parentNode.insertBefore(t,s)}(window, document,'script', 'https:\/\/connect.facebook.net\/en_US\/fbevents.js'); fbq('init', '336383993555320'); fbq('track', 'PageView'); fbq('track', 'ViewContent');<\/script><br \/>\n<br \/><\/p>\n<p><em> &#8221; Fuentes www.infobae.com &#8221; <\/em><\/p>\n","protected":false},"excerpt":{"rendered":"<p>La madre del soldado Araujo (con anteojos) y de espaldas su hija Mar\u00eda Fernanda, en el cementerio de Darwin. Mar\u00eda Fernanda fue siempre \u201cla hermana pesadilla\u201d de Elbio Eduardo Araujo Pen\u00f3n, soldado clase 62, de la compa\u00f1\u00eda B del Regimiento 7. Diez a\u00f1os menor, se adoraban, ella lo segu\u00eda ad\u00f3nde iba y \u00e9l siempre le [&hellip;]<\/p>\n","protected":false},"author":4,"featured_media":97777,"comment_status":"open","ping_status":"closed","sticky":false,"template":"","format":"standard","meta":{"om_disable_all_campaigns":false,"jnews-multi-image_gallery":[],"jnews_single_post":[],"jnews_primary_category":[],"jnews_social_meta":[],"footnotes":""},"categories":[41],"tags":[],"class_list":["post-97776","post","type-post","status-publish","format-standard","has-post-thumbnail","hentry","category-cruceros"],"_links":{"self":[{"href":"https:\/\/dimensionturistica.com\/es\/wp-json\/wp\/v2\/posts\/97776","targetHints":{"allow":["GET"]}}],"collection":[{"href":"https:\/\/dimensionturistica.com\/es\/wp-json\/wp\/v2\/posts"}],"about":[{"href":"https:\/\/dimensionturistica.com\/es\/wp-json\/wp\/v2\/types\/post"}],"author":[{"embeddable":true,"href":"https:\/\/dimensionturistica.com\/es\/wp-json\/wp\/v2\/users\/4"}],"replies":[{"embeddable":true,"href":"https:\/\/dimensionturistica.com\/es\/wp-json\/wp\/v2\/comments?post=97776"}],"version-history":[{"count":0,"href":"https:\/\/dimensionturistica.com\/es\/wp-json\/wp\/v2\/posts\/97776\/revisions"}],"wp:featuredmedia":[{"embeddable":true,"href":"https:\/\/dimensionturistica.com\/es\/wp-json\/wp\/v2\/media\/97777"}],"wp:attachment":[{"href":"https:\/\/dimensionturistica.com\/es\/wp-json\/wp\/v2\/media?parent=97776"}],"wp:term":[{"taxonomy":"category","embeddable":true,"href":"https:\/\/dimensionturistica.com\/es\/wp-json\/wp\/v2\/categories?post=97776"},{"taxonomy":"post_tag","embeddable":true,"href":"https:\/\/dimensionturistica.com\/es\/wp-json\/wp\/v2\/tags?post=97776"}],"curies":[{"name":"wp","href":"https:\/\/api.w.org\/{rel}","templated":true}]}}