{"id":977269,"date":"2025-05-16T02:36:56","date_gmt":"2025-05-16T02:36:56","guid":{"rendered":"https:\/\/dimensionturistica.com\/es\/?p=977269"},"modified":"2025-05-16T02:36:56","modified_gmt":"2025-05-16T02:36:56","slug":"hogares-o-escapadas-andrea-chavez-provoca-debate-por-sus-opiniones-sobre-cruces-hacia-ee-uu","status":"publish","type":"post","link":"https:\/\/dimensionturistica.com\/es\/hogares-o-escapadas-andrea-chavez-provoca-debate-por-sus-opiniones-sobre-cruces-hacia-ee-uu\/","title":{"rendered":"\u00bfHogares o escapadas? Andrea Ch\u00e1vez provoca debate por sus opiniones sobre \u2018cruces\u2019 hacia EE. UU."},"content":{"rendered":"<h3>Reflexiones sobre el Viaje: Un Debate Controversial<\/h3>\n<p>En un mundo interconectado donde los viajes se han convertido en parte esencial de la vida de muchas personas, la b\u00fasqueda de nuevas experiencias y horizontes a menudo trae consigo un torrente de opiniones y pol\u00e9micas. Recientemente, un comentario que abord\u00f3 la relaci\u00f3n entre el deseo de viajar y la realidad de migrar ha desencadenado un intenso debate en redes sociales, revelando las diversas posturas que existen sobre este tema.<\/p>\n<p>La conversaci\u00f3n comenz\u00f3 en un contexto donde, como muchos, se eval\u00faan las prioridades entre poseer una casa o embarcarse en aventuras alrededor del mundo. Este dilema pone de manifiesto no solo las preferencias personales, sino tambi\u00e9n las circunstancias que enfrentan muchas comunidades. El viaje se presenta como una forma de escapar, descubrir y aprender, pero para otros, la migraci\u00f3n es un asunto serio y complejo que est\u00e1 marcado por la necesidad y la esperanza de un futuro mejor.<\/p>\n<p>Por un lado, est\u00e1 la idealizaci\u00f3n del viaje como un enriquecimiento personal. Visitar nuevos pa\u00edses, experimentar culturas diferentes y hacer conexiones con personas de diversos trasfondos es un regalo que pocos pueden pasar por alto. Sin embargo, esta visi\u00f3n a menudo choca con la realidad de aquellos que son obligados a dejar sus hogares. As\u00ed, el contraste entre quienes viajan por placer y quienes migran por necesidad se convierte en un punto focal de discusi\u00f3n.<\/p>\n<p>Los comentarios que surgieron han resaltado la insensibilidad que puede existir al trivializar experiencias que son profundamente dolorosas. Migrar no es simplemente un viaje; para muchos, es dejar atr\u00e1s un pasado lleno de incertidumbres y buscar un futuro que a menudo se encuentra repleto de desaf\u00edos. Este aspecto es vital para comprender la doble cara del acto de viajar: la opci\u00f3n de exploraci\u00f3n voluntaria frente a la salida forzada.<\/p>\n<p>La pol\u00e9mica tambi\u00e9n invita a reflexionar sobre las implicaciones sociales y pol\u00edticas que tienen las migraciones. Muchos de los pa\u00edses que son destinos populares han impuesto barreras significativas, lo que transforma el acto de cruzar fronteras en un desaf\u00edo a\u00fan mayor. Esta realidad contrapone la imagen rom\u00e1ntica del viajero con la lucha cotidiana de migrantes que, a pesar de las dificultades, persisten en su camino hacia la esperanza.<\/p>\n<p>Es indudable que el turismo puede ser una fuerza positiva, generando ingresos y fomentando el intercambio cultural. Sin embargo, los viajeros tambi\u00e9n deben ser conscientes del contexto en el que se mueven, reconociendo las historias y las realidades de aquellos que no tienen la misma libertad de movimiento.<\/p>\n<p>Al final, el viaje puede ser un factor de transformaci\u00f3n, tanto personal como comunitario. Impulsar conversaciones profundas sobre la migraci\u00f3n y el viaje es fundamental para cultivar una mayor empat\u00eda y comprensi\u00f3n del mundo que nos rodea. Esta pol\u00e9mica es un recordatorio de que cada viaje cuenta con una carga de historias detr\u00e1s; historias que merecen ser escuchadas y respetadas.<\/p>\n<p>En nuestra b\u00fasqueda por experiencias memorables, nunca est\u00e1 de m\u00e1s hacer un alto y reflexionar sobre el significado de viajar en un mundo donde, todav\u00eda, la libertad de movimiento est\u00e1 lejos de ser una realidad universal. El verdadero viaje comienza en la mente y el coraz\u00f3n, y debe llevarnos a un espacio donde la compasi\u00f3n y el respeto sean los cimientos de nuestras exploraciones.<\/p>\n<p><em> &#8221; Sources www.publimetro.com.mx &#8221; <\/em><\/p>\n<p><em> &#8221; Fuentes www.publimetro.com.mx &#8221; <\/em><\/p>\n","protected":false},"excerpt":{"rendered":"<p>Reflexiones sobre el Viaje: Un Debate Controversial En un mundo interconectado donde los viajes se han convertido en parte esencial de la vida de muchas personas, la b\u00fasqueda de nuevas experiencias y horizontes a menudo trae consigo un torrente de opiniones y pol\u00e9micas. Recientemente, un comentario que abord\u00f3 la relaci\u00f3n entre el deseo de viajar [&hellip;]<\/p>\n","protected":false},"author":4,"featured_media":0,"comment_status":"open","ping_status":"closed","sticky":false,"template":"","format":"standard","meta":{"om_disable_all_campaigns":false,"jnews-multi-image_gallery":[],"jnews_single_post":[],"jnews_primary_category":[],"jnews_social_meta":[],"footnotes":""},"categories":[39],"tags":[77025,3243,37027,35275,588,224296,3548,82685,224295,2511,4872,224297,70044,545],"class_list":["post-977269","post","type-post","status-publish","format-standard","hentry","category-viajes","tag-andrea-chavez","tag-casas","tag-comentario","tag-cruces","tag-ee-uu","tag-gobernadora-de-baja-california","tag-inmigracion","tag-marina-del-pilar","tag-marina-del-pilar-avila","tag-morena","tag-polemica","tag-propiedades-en-estados-unidos","tag-publimetro-mexico","tag-viajes"],"_links":{"self":[{"href":"https:\/\/dimensionturistica.com\/es\/wp-json\/wp\/v2\/posts\/977269","targetHints":{"allow":["GET"]}}],"collection":[{"href":"https:\/\/dimensionturistica.com\/es\/wp-json\/wp\/v2\/posts"}],"about":[{"href":"https:\/\/dimensionturistica.com\/es\/wp-json\/wp\/v2\/types\/post"}],"author":[{"embeddable":true,"href":"https:\/\/dimensionturistica.com\/es\/wp-json\/wp\/v2\/users\/4"}],"replies":[{"embeddable":true,"href":"https:\/\/dimensionturistica.com\/es\/wp-json\/wp\/v2\/comments?post=977269"}],"version-history":[{"count":0,"href":"https:\/\/dimensionturistica.com\/es\/wp-json\/wp\/v2\/posts\/977269\/revisions"}],"wp:attachment":[{"href":"https:\/\/dimensionturistica.com\/es\/wp-json\/wp\/v2\/media?parent=977269"}],"wp:term":[{"taxonomy":"category","embeddable":true,"href":"https:\/\/dimensionturistica.com\/es\/wp-json\/wp\/v2\/categories?post=977269"},{"taxonomy":"post_tag","embeddable":true,"href":"https:\/\/dimensionturistica.com\/es\/wp-json\/wp\/v2\/tags?post=977269"}],"curies":[{"name":"wp","href":"https:\/\/api.w.org\/{rel}","templated":true}]}}