{"id":97701,"date":"2021-03-18T01:34:15","date_gmt":"2021-03-18T01:34:15","guid":{"rendered":"https:\/\/dimensionturistica.com\/es\/?p=97701"},"modified":"2021-03-18T01:34:15","modified_gmt":"2021-03-18T01:34:15","slug":"los-viajes-en-barco-de-nuestros-antepasados","status":"publish","type":"post","link":"https:\/\/dimensionturistica.com\/es\/los-viajes-en-barco-de-nuestros-antepasados\/","title":{"rendered":"Los viajes en barco de nuestros antepasados"},"content":{"rendered":"<p> <br \/>\n<\/p>\n<div>\n<p>En esta nueva edici\u00f3n de<strong> Gen Ciudadano<\/strong>, la columna sobre genealog\u00eda de <strong>Ciudadano ADN<\/strong>, <strong>Cristi\u00e1n Cofr\u00e9<\/strong> convers\u00f3 sobre <strong>los viajes en barco que realizaron nuestros antepasados para llegar a Chile<\/strong>.<\/p>\n<p>\u201cSi estamos en Chile, naturalmente llegamos de alguna forma. <strong>El \u00fanico medio que exist\u00eda en aquel entonces eran las embarcaciones<\/strong>\u201c, introdujo el columnista.<\/p>\n<p>En ese contexto, Cofr\u00e9 se refiri\u00f3 a \u201c<strong>la odisea de los Salvadores<\/strong>\u201c, que se realiz\u00f3 entre 1573 y 1576, partiendo desde Espa\u00f1a, con Chile como destino. \u201cTodo el viaje fue <strong>una cuesti\u00f3n de supervivencia impactante<\/strong>\u201c, adelant\u00f3.<\/p>\n<p>\u201cEn la \u00e9poca de la Conquista, se realiz\u00f3 esta expedici\u00f3n, <strong>donde se reclut\u00f3 a soldados para venir a pelear a Chile<\/strong>. Pero una de las cosas que pocas veces se sabe es que <strong>los soldados ten\u00edan que pagar su pasaje<\/strong>, porque el viaje duraba 15 a\u00f1os, de Sevilla a Valpara\u00edso\u201d, explic\u00f3 el columnista.<\/p>\n<section class=\"recommended-articles\">\n<header class=\"recommended-articles__header\">Leer tambi\u00e9n<\/header>\n<\/section>\n<p>En cuanto a los barcos que <strong>transportaron a m\u00e1s de 400 soldados<\/strong>, asegur\u00f3 que \u201ceran galeones, y sus dimensiones eran impresionantes. Med\u00edan 30 metros, 9 de ancho y 4.5 de alto, donde viajaban alrededor de 170 personas\u201d.<\/p>\n<p>Sobre <strong>la precaria alimentaci\u00f3n que recib\u00edan los tripulantes<\/strong>, el columnista cont\u00f3 que \u201cllevaban agua, vinagre, cecinas y bizcocho, que era un pan que se hac\u00eda sin levadura y se coc\u00eda dos veces para que durara m\u00e1s tiempo\u201d.<\/p>\n<p>Y agreg\u00f3 que \u201cno llevaban verduras, lo que provoc\u00f3 una <strong>falta de vitamina C<\/strong>, y debido a esto,<strong> mucha gente falleci\u00f3 por escorbuto<\/strong>, que era la t\u00edpica enfermedad del marino que viajaba grandes distancias\u201d.<\/p>\n<p>De expediciones como estas, descendieron familias como <strong>Pizarro<\/strong> en el norte; <strong>Silva<\/strong> y <strong>Herrera<\/strong> en Aconcagua; <strong>Ar\u00e1nguiz<\/strong> en la regi\u00f3n Metropolitana y O\u2019Higgins; <strong>Z\u00fa\u00f1iga<\/strong> en Colchagua; y <strong>Verdugo y Poblete<\/strong> en el Maule. Asimismo, <strong>de estos viajes proviene m\u00e1s de la mitad de los presidentes de Chile.<\/strong><\/p>\n<\/p><\/div>\n\n<p><em> &#8221; Fuentes www.adnradio.cl &#8221; <\/em><\/p>\n","protected":false},"excerpt":{"rendered":"<p>En esta nueva edici\u00f3n de Gen Ciudadano, la columna sobre genealog\u00eda de Ciudadano ADN, Cristi\u00e1n Cofr\u00e9 convers\u00f3 sobre los viajes en barco que realizaron nuestros antepasados para llegar a Chile. \u201cSi estamos en Chile, naturalmente llegamos de alguna forma. El \u00fanico medio que exist\u00eda en aquel entonces eran las embarcaciones\u201c, introdujo el columnista. En ese [&hellip;]<\/p>\n","protected":false},"author":4,"featured_media":97702,"comment_status":"open","ping_status":"closed","sticky":false,"template":"","format":"standard","meta":{"om_disable_all_campaigns":false,"jnews-multi-image_gallery":[],"jnews_single_post":[],"jnews_primary_category":[],"jnews_social_meta":[],"footnotes":""},"categories":[39],"tags":[20142,20143,20144,20145,20146],"class_list":["post-97701","post","type-post","status-publish","format-standard","has-post-thumbnail","hentry","category-viajes","tag-ciudadano-adn","tag-cristian-cofre","tag-cultura-y-educacion","tag-gen-ciudadano","tag-genealogia"],"_links":{"self":[{"href":"https:\/\/dimensionturistica.com\/es\/wp-json\/wp\/v2\/posts\/97701","targetHints":{"allow":["GET"]}}],"collection":[{"href":"https:\/\/dimensionturistica.com\/es\/wp-json\/wp\/v2\/posts"}],"about":[{"href":"https:\/\/dimensionturistica.com\/es\/wp-json\/wp\/v2\/types\/post"}],"author":[{"embeddable":true,"href":"https:\/\/dimensionturistica.com\/es\/wp-json\/wp\/v2\/users\/4"}],"replies":[{"embeddable":true,"href":"https:\/\/dimensionturistica.com\/es\/wp-json\/wp\/v2\/comments?post=97701"}],"version-history":[{"count":0,"href":"https:\/\/dimensionturistica.com\/es\/wp-json\/wp\/v2\/posts\/97701\/revisions"}],"wp:featuredmedia":[{"embeddable":true,"href":"https:\/\/dimensionturistica.com\/es\/wp-json\/wp\/v2\/media\/97702"}],"wp:attachment":[{"href":"https:\/\/dimensionturistica.com\/es\/wp-json\/wp\/v2\/media?parent=97701"}],"wp:term":[{"taxonomy":"category","embeddable":true,"href":"https:\/\/dimensionturistica.com\/es\/wp-json\/wp\/v2\/categories?post=97701"},{"taxonomy":"post_tag","embeddable":true,"href":"https:\/\/dimensionturistica.com\/es\/wp-json\/wp\/v2\/tags?post=97701"}],"curies":[{"name":"wp","href":"https:\/\/api.w.org\/{rel}","templated":true}]}}