{"id":97616,"date":"2021-03-17T22:03:56","date_gmt":"2021-03-17T22:03:56","guid":{"rendered":"https:\/\/dimensionturistica.com\/es\/?p=97616"},"modified":"2021-03-17T22:03:56","modified_gmt":"2021-03-17T22:03:56","slug":"cruceros-en-bahia-de-la-paz-no-representan-riesgo-arturo-musi","status":"publish","type":"post","link":"https:\/\/dimensionturistica.com\/es\/cruceros-en-bahia-de-la-paz-no-representan-riesgo-arturo-musi\/","title":{"rendered":"Cruceros en bah\u00eda de La Paz no representan riesgo: Arturo Musi"},"content":{"rendered":"<p> <br \/>\n<\/p>\n<div>\n<h2 style=\"text-align: center;\">Los cruceros estacionados junto al Mogote cuentan con tecnolog\u00eda propia para tratar aguas negras\u00a0<\/h2>\n<p>\u00a0<\/p>\n<p>El presidente de la <strong>Asociaci\u00f3n Mexicana de Cruceros,<\/strong> <strong>Arturo Musi Ganem<\/strong>, explic\u00f3 que los cruceros estacionados frente a la bah\u00eda de La Paz, no representan ning\u00fan riesgo para la poblaci\u00f3n, ni para las aguas pace\u00f1as, ya que no desechan desperdicios al mar.\u00a0<\/p>\n<p>Mencion\u00f3 que en este momento la actividad de cruceros est\u00e1 pr\u00e1cticamente detenida en todo el mundo, pero que este tipo de embarcaciones, deben estar en movimiento para mantener en \u00f3ptimas condiciones su funcionalidad, al ser la bah\u00eda de <a rel=\"nofollow noopener\" target=\"_blank\" title=\"La Paz\" href=\"https:\/\/tribunadelapaz.com\/noticias?s=La+Paz\">La Paz<\/a>, un lugar tranquilo y seguro, los cruceros fueron tra\u00eddos hasta este destino, mientras esperan el reinicio de la actividad del sector.<\/p>\n<p>Detall\u00f3 que las embarcaciones, que no son las mismas que se observaron en enero, porque unas se van y otras llegan, traen un n\u00famero de tripulantes m\u00ednimo, que no bajan a hacer actividades tur\u00edsticas de ning\u00fan tipo, pues est\u00e1n aislados en una burbuja sanitaria, libres de <a rel=\"nofollow noopener\" target=\"_blank\" title=\"Covid-19\" href=\"https:\/\/tribunadelapaz.com\/noticias?s=Covid-19\">Covid-19<\/a> y de otras enfermedades.<\/p>\n<p>Respecto a la inquietud que le han manifestado sobre si los nav\u00edos descargan aguas negras o son contaminantes, inform\u00f3 que son embarcaciones muy monitoreadas, con sus propias plantas de tratamiento y tecnolog\u00eda ecol\u00f3gica integrada, raz\u00f3n por la que acceden a los puertos m\u00e1s importantes del mundo y por la que se les autoriz\u00f3 el anclaje en la bah\u00eda.<\/p>\n<p>Es de mencionarse que estos cruceros provienen de EU y antes de la pandemia, sol\u00edan cubrir la ruta del Pac\u00edfico, recorriendo puertos a lo largo de la Pen\u00ednsula, en <strong>Ensenada, Los Cabos, Puerto Vallarta, La Paz, Loreto y Mazatl\u00e1n.<\/strong><\/p>\n<p><span style=\"color: #7e8c8d; font-size: 10pt;\">Foto: Ivette P\u00e9rez<\/span><\/p>\n<\/div>\n\n<p><em> &#8221; Fuentes tribunadelapaz.com &#8221; <\/em><\/p>\n","protected":false},"excerpt":{"rendered":"<p>Los cruceros estacionados junto al Mogote cuentan con tecnolog\u00eda propia para tratar aguas negras\u00a0 \u00a0 El presidente de la Asociaci\u00f3n Mexicana de Cruceros, Arturo Musi Ganem, explic\u00f3 que los cruceros estacionados frente a la bah\u00eda de La Paz, no representan ning\u00fan riesgo para la poblaci\u00f3n, ni para las aguas pace\u00f1as, ya que no desechan desperdicios [&hellip;]<\/p>\n","protected":false},"author":4,"featured_media":97617,"comment_status":"open","ping_status":"closed","sticky":false,"template":"","format":"standard","meta":{"om_disable_all_campaigns":false,"jnews-multi-image_gallery":[],"jnews_single_post":[],"jnews_primary_category":[],"jnews_social_meta":[],"footnotes":""},"categories":[41],"tags":[],"class_list":["post-97616","post","type-post","status-publish","format-standard","has-post-thumbnail","hentry","category-cruceros"],"_links":{"self":[{"href":"https:\/\/dimensionturistica.com\/es\/wp-json\/wp\/v2\/posts\/97616","targetHints":{"allow":["GET"]}}],"collection":[{"href":"https:\/\/dimensionturistica.com\/es\/wp-json\/wp\/v2\/posts"}],"about":[{"href":"https:\/\/dimensionturistica.com\/es\/wp-json\/wp\/v2\/types\/post"}],"author":[{"embeddable":true,"href":"https:\/\/dimensionturistica.com\/es\/wp-json\/wp\/v2\/users\/4"}],"replies":[{"embeddable":true,"href":"https:\/\/dimensionturistica.com\/es\/wp-json\/wp\/v2\/comments?post=97616"}],"version-history":[{"count":0,"href":"https:\/\/dimensionturistica.com\/es\/wp-json\/wp\/v2\/posts\/97616\/revisions"}],"wp:featuredmedia":[{"embeddable":true,"href":"https:\/\/dimensionturistica.com\/es\/wp-json\/wp\/v2\/media\/97617"}],"wp:attachment":[{"href":"https:\/\/dimensionturistica.com\/es\/wp-json\/wp\/v2\/media?parent=97616"}],"wp:term":[{"taxonomy":"category","embeddable":true,"href":"https:\/\/dimensionturistica.com\/es\/wp-json\/wp\/v2\/categories?post=97616"},{"taxonomy":"post_tag","embeddable":true,"href":"https:\/\/dimensionturistica.com\/es\/wp-json\/wp\/v2\/tags?post=97616"}],"curies":[{"name":"wp","href":"https:\/\/api.w.org\/{rel}","templated":true}]}}