{"id":975614,"date":"2025-05-13T07:16:28","date_gmt":"2025-05-13T07:16:28","guid":{"rendered":"https:\/\/dimensionturistica.com\/es\/?p=975614"},"modified":"2025-05-13T07:16:28","modified_gmt":"2025-05-13T07:16:28","slug":"anuncio-de-un-aumento-del-80-en-el-descuento-para-residentes","status":"publish","type":"post","link":"https:\/\/dimensionturistica.com\/es\/anuncio-de-un-aumento-del-80-en-el-descuento-para-residentes\/","title":{"rendered":"Anuncio de un aumento del 80 % en el descuento para residentes"},"content":{"rendered":"<p><strong>El Descuento de Residente: Pilar Fundamental para la Conectividad y el Turismo en Baleares<\/strong><\/p>\n<p>Las Islas Baleares, con su belleza natural y rica cultura, atraen a millones de turistas cada a\u00f1o. Sin embargo, para los residentes, la conectividad con la pen\u00ednsula y otras islas es esencial no solo para el ocio, sino tambi\u00e9n para motivos laborales, familiares y de salud. El descuento de residente, que actualmente se sit\u00faa en el 75%, ha sido una herramienta clave para facilitar estos desplazamientos.<\/p>\n<p><strong>La Propuesta de Incremento al 80%<\/strong><\/p>\n<p>La Agrupaci\u00f3n de Agencias de Viajes de Baleares (Aviba) ha propuesto recientemente aumentar este descuento al 80%. Seg\u00fan Pedro Fiol, presidente de Aviba, este incremento ser\u00eda fundamental para contrarrestar el encarecimiento de los vuelos interislas, que ha afectado tanto a residentes como a turistas. Fiol destaca que, aunque el descuento del 75% ha sido beneficioso, la subida de precios en las aerol\u00edneas ha reducido su efectividad.<\/p>\n<p><strong>Impacto en el Sector Tur\u00edstico<\/strong><\/p>\n<p>El turismo es la columna vertebral de la econom\u00eda balear. Una conectividad a\u00e9rea eficiente y asequible es esencial para mantener el flujo de visitantes y garantizar la competitividad del destino. El incremento del descuento de residente podr\u00eda incentivar a m\u00e1s turistas a elegir Baleares como su destino, al percibir una mayor accesibilidad en los desplazamientos internos.<\/p>\n<p><strong>Desaf\u00edos y Consideraciones<\/strong><\/p>\n<p>No obstante, la implementaci\u00f3n de este aumento enfrenta desaf\u00edos. Las aerol\u00edneas, que ya operan con m\u00e1rgenes ajustados, podr\u00edan ver afectada su rentabilidad. Adem\u00e1s, es crucial garantizar que el incremento del descuento no conduzca a un aumento de precios en los billetes, lo que podr\u00eda contrarrestar los beneficios esperados.<\/p>\n<p><strong>Conclusi\u00f3n<\/strong><\/p>\n<p>El debate sobre el incremento del descuento de residente al 80% refleja la necesidad de equilibrar los intereses de los residentes, las aerol\u00edneas y el sector tur\u00edstico en general. Es esencial encontrar soluciones que mantengan la conectividad y la competitividad de Baleares como destino tur\u00edstico, asegurando al mismo tiempo la sostenibilidad econ\u00f3mica de las compa\u00f1\u00edas a\u00e9reas y la equidad en los precios para todos los viajeros.<\/p>\n<p><em> &#8221; Sources www.ultimahora.es &#8221; <\/em><\/p>\n<p><em> &#8221; Sources www.ultimahora.es &#8221; <\/em><\/p>\n","protected":false},"excerpt":{"rendered":"<p>El Descuento de Residente: Pilar Fundamental para la Conectividad y el Turismo en Baleares Las Islas Baleares, con su belleza natural y rica cultura, atraen a millones de turistas cada a\u00f1o. Sin embargo, para los residentes, la conectividad con la pen\u00ednsula y otras islas es esencial no solo para el ocio, sino tambi\u00e9n para motivos [&hellip;]<\/p>\n","protected":false},"author":4,"featured_media":975615,"comment_status":"open","ping_status":"closed","sticky":false,"template":"","format":"standard","meta":{"om_disable_all_campaigns":false,"jnews-multi-image_gallery":[],"jnews_single_post":[],"jnews_primary_category":[],"jnews_social_meta":[],"footnotes":""},"categories":[40],"tags":[3023,569,1619,4788,93593,19599,686,7201,3778,7438,706,2144,221205],"class_list":["post-975614","post","type-post","status-publish","format-standard","has-post-thumbnail","hentry","category-industria","tag-3023","tag-agencias-de-viajes","tag-aviba","tag-descuento","tag-descuento-de-residente","tag-incremento","tag-local","tag-palma","tag-palma-de-mallorca","tag-residente","tag-ultima-hora","tag-ultimas-noticias","tag-vuelos-interislas"],"_links":{"self":[{"href":"https:\/\/dimensionturistica.com\/es\/wp-json\/wp\/v2\/posts\/975614","targetHints":{"allow":["GET"]}}],"collection":[{"href":"https:\/\/dimensionturistica.com\/es\/wp-json\/wp\/v2\/posts"}],"about":[{"href":"https:\/\/dimensionturistica.com\/es\/wp-json\/wp\/v2\/types\/post"}],"author":[{"embeddable":true,"href":"https:\/\/dimensionturistica.com\/es\/wp-json\/wp\/v2\/users\/4"}],"replies":[{"embeddable":true,"href":"https:\/\/dimensionturistica.com\/es\/wp-json\/wp\/v2\/comments?post=975614"}],"version-history":[{"count":0,"href":"https:\/\/dimensionturistica.com\/es\/wp-json\/wp\/v2\/posts\/975614\/revisions"}],"wp:featuredmedia":[{"embeddable":true,"href":"https:\/\/dimensionturistica.com\/es\/wp-json\/wp\/v2\/media\/975615"}],"wp:attachment":[{"href":"https:\/\/dimensionturistica.com\/es\/wp-json\/wp\/v2\/media?parent=975614"}],"wp:term":[{"taxonomy":"category","embeddable":true,"href":"https:\/\/dimensionturistica.com\/es\/wp-json\/wp\/v2\/categories?post=975614"},{"taxonomy":"post_tag","embeddable":true,"href":"https:\/\/dimensionturistica.com\/es\/wp-json\/wp\/v2\/tags?post=975614"}],"curies":[{"name":"wp","href":"https:\/\/api.w.org\/{rel}","templated":true}]}}