{"id":975414,"date":"2025-05-12T22:16:32","date_gmt":"2025-05-12T22:16:32","guid":{"rendered":"https:\/\/dimensionturistica.com\/es\/?p=975414"},"modified":"2025-05-12T22:16:32","modified_gmt":"2025-05-12T22:16:32","slug":"nuevo-estilo-de-cabello-ondas-suaves-y-color-rubio-chocolate-ideales-para-el-verano-2025","status":"publish","type":"post","link":"https:\/\/dimensionturistica.com\/es\/nuevo-estilo-de-cabello-ondas-suaves-y-color-rubio-chocolate-ideales-para-el-verano-2025\/","title":{"rendered":"Nuevo estilo de cabello: ondas suaves y color rubio chocolate ideales para el verano 2025."},"content":{"rendered":"<h3>La Nueva Tendencia de Cortes de Pelo Largo: Inspiraci\u00f3n en la Elegancia Atemporal<\/h3>\n<p>En el mundo del turismo, no solo exploramos destinos ex\u00f3ticos y culinarias sorprendentes, sino que tambi\u00e9n nos dejamos influir por las tendencias que marcan la pauta a nivel global. Una de las m\u00e1s destacadas en la actualidad es el corte de cabello largo y rubio, una elecci\u00f3n que evoca sofisticaci\u00f3n y modernidad, convirti\u00e9ndose en un s\u00edmbolo de estilo para cualquier viajera que quiera destacar.<\/p>\n<p>Este a\u00f1o, el cabello largo se ha colado en las pasarelas de la moda, as\u00ed como en la vida cotidiana, presentado por celebridades que reafirman que este look no conoce l\u00edmites de edad. La clave para lucir este estilismo radica en la versatilidad del corte. Un cabello que cae sobre los hombros, en capas suaves, genera movimiento y frescura, ideal para una tarde en un caf\u00e9 parisino o un paseo por las calles de Roma.<\/p>\n<p>El rubio es, sin duda, el color que domina la escena. Ya sea en tonos claros, cenizos o dorados, aporta luminosidad y un aire juvenil. Y para aquellas que buscan un cambio sutil, las balayages ofrecen una fusi\u00f3n de colores que brindan profundidad y dimensi\u00f3n al cabello, creando un efecto natural y soleado. Tal elecci\u00f3n puede resultar especialmente refrescante cuando uno se encuentra en un destino soleado, complementando la luz del verano con un brillo adicional.<\/p>\n<p>Cuidar de este tipo de cabello es esencial, especialmente si se viaja con frecuencia y se expone a diferentes climas y condiciones. Invertir en buenos productos de cuidado capilar es fundamental. No olvides llevar contigo un buen champ\u00fa y acondicionador que respete la coloraci\u00f3n, as\u00ed como tratamientos hidratantes que mantendr\u00e1n tu melena radiante, incluso despu\u00e9s de haber pasado un d\u00eda explorando las playas de M\u00e9xico o las monta\u00f1as en Suiza.<\/p>\n<p>Adem\u00e1s, el corte largo ofrece m\u00faltiples opciones de recogidos. Desde simples trenzas que evocan un esp\u00edritu bohemio, hasta sofisticados mo\u00f1os que son perfectos para una cena elegante en un restaurante con estrella Michelin. Adaptar tu peinado a la ocasi\u00f3n no solo es pr\u00e1ctico, sino que tambi\u00e9n a\u00f1ade un toque de creatividad a tu estilo personal mientras est\u00e1s de viaje.<\/p>\n<p>Por \u00faltimo, la confianza es un componente clave del estilo. Un corte de cabello bien cuidado se convierte en un s\u00edmbolo de autoconfianza y autenticidad que resalta en cualquier rinc\u00f3n del mundo. A medida que explores nuevas culturas y paisajes, tu look puede ser tanto un reflejo de tu personalidad como una puerta de entrada a nuevas experiencias.<\/p>\n<p>Ahora, m\u00e1s que nunca, el cabello largo y rubio se ha convertido en un s\u00edmbolo de elegancia y adaptabilidad. Ya sea en un bullicioso mercado de Bangkok o disfrutando de una tarde tranquila en una terraza de Barcelona, lucir un corte de pelo que resuene con tu estilo personal ser\u00e1, sin duda, la mejor forma de dejar huella en cada uno de tus viajes.<\/p>\n<p><em> &#8221; Sources www.vogue.mx &#8221; <\/em><\/p>\n<p><em> &#8221; Fuentes www.vogue.mx &#8221; <\/em><\/p>\n","protected":false},"excerpt":{"rendered":"<p>La Nueva Tendencia de Cortes de Pelo Largo: Inspiraci\u00f3n en la Elegancia Atemporal En el mundo del turismo, no solo exploramos destinos ex\u00f3ticos y culinarias sorprendentes, sino que tambi\u00e9n nos dejamos influir por las tendencias que marcan la pauta a nivel global. Una de las m\u00e1s destacadas en la actualidad es el corte de cabello [&hellip;]<\/p>\n","protected":false},"author":4,"featured_media":975415,"comment_status":"open","ping_status":"closed","sticky":false,"template":"","format":"standard","meta":{"om_disable_all_campaigns":false,"jnews-multi-image_gallery":[],"jnews_single_post":[],"jnews_primary_category":[],"jnews_social_meta":[],"footnotes":""},"categories":[144872],"tags":[39783,223512,201310,209607,198822,223516,223513,200334,223515,202426,223514,116229],"class_list":["post-975414","post","type-post","status-publish","format-standard","has-post-thumbnail","hentry","category-fashion","tag-cabello","tag-color-de-cabello","tag-corte-de-cabello","tag-estilo-de-verano","tag-katie-holmes","tag-looks-de-celebridades","tag-ondas","tag-primavera-verano-2025","tag-rubio-chocolate","tag-tendencias-de-cabello","tag-tinte","tag-verano-2025"],"_links":{"self":[{"href":"https:\/\/dimensionturistica.com\/es\/wp-json\/wp\/v2\/posts\/975414","targetHints":{"allow":["GET"]}}],"collection":[{"href":"https:\/\/dimensionturistica.com\/es\/wp-json\/wp\/v2\/posts"}],"about":[{"href":"https:\/\/dimensionturistica.com\/es\/wp-json\/wp\/v2\/types\/post"}],"author":[{"embeddable":true,"href":"https:\/\/dimensionturistica.com\/es\/wp-json\/wp\/v2\/users\/4"}],"replies":[{"embeddable":true,"href":"https:\/\/dimensionturistica.com\/es\/wp-json\/wp\/v2\/comments?post=975414"}],"version-history":[{"count":0,"href":"https:\/\/dimensionturistica.com\/es\/wp-json\/wp\/v2\/posts\/975414\/revisions"}],"wp:featuredmedia":[{"embeddable":true,"href":"https:\/\/dimensionturistica.com\/es\/wp-json\/wp\/v2\/media\/975415"}],"wp:attachment":[{"href":"https:\/\/dimensionturistica.com\/es\/wp-json\/wp\/v2\/media?parent=975414"}],"wp:term":[{"taxonomy":"category","embeddable":true,"href":"https:\/\/dimensionturistica.com\/es\/wp-json\/wp\/v2\/categories?post=975414"},{"taxonomy":"post_tag","embeddable":true,"href":"https:\/\/dimensionturistica.com\/es\/wp-json\/wp\/v2\/tags?post=975414"}],"curies":[{"name":"wp","href":"https:\/\/api.w.org\/{rel}","templated":true}]}}