{"id":974939,"date":"2025-05-12T07:11:06","date_gmt":"2025-05-12T07:11:06","guid":{"rendered":"https:\/\/dimensionturistica.com\/es\/?p=974939"},"modified":"2025-05-12T07:11:06","modified_gmt":"2025-05-12T07:11:06","slug":"el-desafiante-calendario-que-asumira-el-nuevo-papa","status":"publish","type":"post","link":"https:\/\/dimensionturistica.com\/es\/el-desafiante-calendario-que-asumira-el-nuevo-papa\/","title":{"rendered":"El desafiante calendario que asumir\u00e1 el nuevo papa."},"content":{"rendered":"<p><strong>Un Viaje Espiritual: Canonizaciones y Renovaci\u00f3n en el Coraz\u00f3n de Roma<\/strong><\/p>\n<p>Roma, la Ciudad Eterna, se prepara para albergar un evento de gran relevancia espiritual que atraer\u00e1 a miles de peregrinos de todo el mundo: la canonizaci\u00f3n de nuevos santos. Este acontecimiento no solo representa un momento de celebraci\u00f3n religiosa, sino que tambi\u00e9n promete ser un viaje cultural y tur\u00edstico fascinante para todos aquellos que deseen sumergirse en la rica historia y tradici\u00f3n de la capital italiana.<\/p>\n<p>Las canonizaciones, ceremonias en las que la Iglesia Cat\u00f3lica reconoce formalmente a individuos como santos, han sido parte integral de la historia de Roma. Las fechas se\u00f1aladas para estas ceremonias se convierten en momentos en los que la ciudad brilla con una luz especial, atrayendo tanto a fieles como a curiosos deseosos de aprender m\u00e1s sobre la vida de aquellos que han sido elevados a la santidad. En este contexto, la ciudad no solo es un punto de encuentro espiritual, sino tambi\u00e9n un epicentro cultural.<\/p>\n<p>La agenda de eventos est\u00e1 repleta de oportunidades para explorar monumentos hist\u00f3ricos, iglesias majestuosas y rincones ocultos. Desde la impresionante Bas\u00edlica de San Pedro, donde las ceremonias tendr\u00e1n lugar, hasta los caf\u00e9s encantadores que adornan las calles de Trastevere, cada paso en Roma cuenta una historia. Los visitantes pueden disfrutar de visitas guiadas que no solo les permitir\u00e1n conocer m\u00e1s sobre las figuras canonizadas, sino tambi\u00e9n adentrarse en la fascinante narrativa de la ciudad misma.<\/p>\n<p>La intensa agenda de festividades va m\u00e1s all\u00e1 de la espiritualidad; incluye conciertos, exposiciones y actividades comunitarias que resaltan el valor de la fe y la solidaridad. Estos eventos brindan una excelente oportunidad para conectar con la cultura local, degustar la deliciosa cocina romana y compartir momentos con personas de diferentes procedencias que, al igual que uno, buscan profundizar en su viaje espiritual.<\/p>\n<p>Adem\u00e1s, la renovaci\u00f3n de espacios e infraestructuras tur\u00edsticas se ha convertido en una prioridad para las autoridades locales. Nuevas \u00e1reas peatonales, mejoras en el transporte p\u00fablico y una atenci\u00f3n especial a la conservaci\u00f3n del patrimonio hist\u00f3rico son solo algunas de las reformas implementadas, que buscan ofrecer una experiencia m\u00e1s c\u00f3moda y enriquecedora a los visitantes.<\/p>\n<p>Roma, no solo como un destino de turismo religioso, sino como un lugar donde la historia, la cultura y la espiritualidad se entrelazan, se convierte en el escenario perfecto para quienes desean experimentar un viaje transformador. <\/p>\n<p>As\u00ed que prep\u00e1rense para unirse a la multitud y ser parte de un acontecimiento que no solo desaf\u00eda el tiempo, sino que invita a cada uno de nosotros a redescubrir nuestras propias creencias y valores, todo ello en el encanto inigualable de la Capital Italiana. Sin duda, esta no es solo una visita, sino una experiencia que perdurar\u00e1 en el coraz\u00f3n de quienes tengan la suerte de participar.<\/p>\n<p><em> &#8221; Sources es-us.noticias.yahoo.com &#8221; <\/em><\/p>\n<p><em> &#8221; Fuentes es-us.noticias.yahoo.com &#8221; <\/em><\/p>\n","protected":false},"excerpt":{"rendered":"<p>Un Viaje Espiritual: Canonizaciones y Renovaci\u00f3n en el Coraz\u00f3n de Roma Roma, la Ciudad Eterna, se prepara para albergar un evento de gran relevancia espiritual que atraer\u00e1 a miles de peregrinos de todo el mundo: la canonizaci\u00f3n de nuevos santos. Este acontecimiento no solo representa un momento de celebraci\u00f3n religiosa, sino que tambi\u00e9n promete ser [&hellip;]<\/p>\n","protected":false},"author":4,"featured_media":974940,"comment_status":"open","ping_status":"closed","sticky":false,"template":"","format":"standard","meta":{"om_disable_all_campaigns":false,"jnews-multi-image_gallery":[],"jnews_single_post":[],"jnews_primary_category":[],"jnews_social_meta":[],"footnotes":""},"categories":[39],"tags":[871,6189,223370,30746,1726,6643,62992,7173,222928,2260,223369,223371,467,223372,3422],"class_list":["post-974939","post","type-post","status-publish","format-standard","has-post-thumbnail","hentry","category-viajes","tag-agenda","tag-cambio","tag-concilio-de-nicea","tag-el-vaticano","tag-herencia","tag-historia","tag-influencia","tag-liderazgo","tag-nuevo-papa","tag-papa","tag-patriarca-de-constantinopla","tag-plaza-de-san-pedro","tag-religion","tag-sucesion","tag-vaticano"],"_links":{"self":[{"href":"https:\/\/dimensionturistica.com\/es\/wp-json\/wp\/v2\/posts\/974939","targetHints":{"allow":["GET"]}}],"collection":[{"href":"https:\/\/dimensionturistica.com\/es\/wp-json\/wp\/v2\/posts"}],"about":[{"href":"https:\/\/dimensionturistica.com\/es\/wp-json\/wp\/v2\/types\/post"}],"author":[{"embeddable":true,"href":"https:\/\/dimensionturistica.com\/es\/wp-json\/wp\/v2\/users\/4"}],"replies":[{"embeddable":true,"href":"https:\/\/dimensionturistica.com\/es\/wp-json\/wp\/v2\/comments?post=974939"}],"version-history":[{"count":0,"href":"https:\/\/dimensionturistica.com\/es\/wp-json\/wp\/v2\/posts\/974939\/revisions"}],"wp:featuredmedia":[{"embeddable":true,"href":"https:\/\/dimensionturistica.com\/es\/wp-json\/wp\/v2\/media\/974940"}],"wp:attachment":[{"href":"https:\/\/dimensionturistica.com\/es\/wp-json\/wp\/v2\/media?parent=974939"}],"wp:term":[{"taxonomy":"category","embeddable":true,"href":"https:\/\/dimensionturistica.com\/es\/wp-json\/wp\/v2\/categories?post=974939"},{"taxonomy":"post_tag","embeddable":true,"href":"https:\/\/dimensionturistica.com\/es\/wp-json\/wp\/v2\/tags?post=974939"}],"curies":[{"name":"wp","href":"https:\/\/api.w.org\/{rel}","templated":true}]}}