{"id":974917,"date":"2025-05-12T05:54:29","date_gmt":"2025-05-12T05:54:29","guid":{"rendered":"https:\/\/dimensionturistica.com\/es\/?p=974917"},"modified":"2025-05-12T05:54:29","modified_gmt":"2025-05-12T05:54:29","slug":"titulo-explora-el-turismo-y-los-costos-que-deberas-enfrentar","status":"publish","type":"post","link":"https:\/\/dimensionturistica.com\/es\/titulo-explora-el-turismo-y-los-costos-que-deberas-enfrentar\/","title":{"rendered":"T\u00edtulo: &#8220;Explora el turismo y los costos que deber\u00e1s enfrentar&#8221;"},"content":{"rendered":"<p>El Instituto de Mayores y Servicios Sociales (Imserso) ha anunciado cambios significativos en su programa de viajes para jubilados para la temporada 2025-2026. Estos ajustes incluyen un incremento en los precios de los viajes y la introducci\u00f3n de una tarifa plana para pensionistas con ingresos m\u00e1s bajos.<\/p>\n<p><strong>Incremento en los precios de los viajes<\/strong><\/p>\n<p>A partir de la pr\u00f3xima temporada, los precios de los viajes del Imserso experimentar\u00e1n un aumento de hasta 100 euros, especialmente durante la temporada alta. Este ajuste responde a las demandas de los hoteleros, quienes han se\u00f1alado que los precios actuales no cubren los costos operativos, calificando la situaci\u00f3n como &quot;inviable&quot;. (<a href=\"https:\/\/www.elespanol.com\/invertia\/20250224\/giro-grados-viajes-imserso-avecina-revision-precios-jubilados\/926657410_0.html?utm_source=openai\">elespanol.com<\/a>)<\/p>\n<p><strong>Tarifa plana para pensionistas con ingresos bajos<\/strong><\/p>\n<p>Para apoyar a los pensionistas con ingresos m\u00e1s bajos, el Imserso ha implementado una tarifa plana de 50 euros para aquellos con pensiones iguales o inferiores a la pensi\u00f3n no contributiva. Esta medida permitir\u00e1 a m\u00e1s de 7.400 personas acceder a los viajes sin importar el destino, fomentando el envejecimiento activo y la inclusi\u00f3n social. (<a href=\"https:\/\/www.huffingtonpost.es\/politica\/luz-verde-tarifa-plana-imserso-50-euros-viajar-destino.html?utm_source=openai\">huffingtonpost.es<\/a>)<\/p>\n<p><strong>Posibilidad de viajar con mascotas<\/strong><\/p>\n<p>Otra novedad destacada es la posibilidad de viajar con animales de compa\u00f1\u00eda en destinos de costa peninsular e insular. Se han reservado plazas espec\u00edficas para ello, permitiendo a los jubilados disfrutar de sus vacaciones acompa\u00f1ados de sus mascotas. (<a href=\"https:\/\/cadenaser.com\/nacional\/2025\/04\/01\/novedades-en-el-imserso-tarifa-plana-de-50-euros-para-pensiones-mas-bajas-y-posibilidad-de-viajar-con-animales-cadena-ser\/?utm_source=openai\">cadenaser.com<\/a>)<\/p>\n<p><strong>Suplementos adicionales<\/strong><\/p>\n<p>Es importante tener en cuenta que, adem\u00e1s de los precios base, existen suplementos adicionales que pueden aplicarse:<\/p>\n<ul>\n<li>\n<p><strong>Habitaci\u00f3n individual<\/strong>: Si se prefiere una habitaci\u00f3n individual, se aplicar\u00e1n suplementos que var\u00edan seg\u00fan el destino:<\/p>\n<ul>\n<li>Baleares y costa peninsular: 22 euros por noche.<\/li>\n<li>Canarias: 24 euros por noche.<\/li>\n<li>Turismo de interior: 26 euros por noche.<\/li>\n<\/ul>\n<\/li>\n<li><strong>Cenas especiales en fechas se\u00f1aladas<\/strong>: Durante las festividades de Navidad y Fin de A\u00f1o, se ofrecen cenas especiales con un suplemento de 20 euros por persona. (<a href=\"https:\/\/www.elperiodico.com\/es\/economia\/20240925\/malas-noticias-jubilados-gastos-imserso-dv-106820814?utm_source=openai\">elperiodico.com<\/a>)<\/li>\n<\/ul>\n<p><strong>Recomendaciones para los viajeros<\/strong><\/p>\n<p>Se aconseja a los jubilados interesados en participar en el programa de viajes del Imserso que revisen detenidamente las condiciones y posibles suplementos antes de realizar su reserva. Adem\u00e1s, es recomendable estar atentos a las fechas de apertura de la temporada y a los plazos de inscripci\u00f3n para asegurar su participaci\u00f3n en los destinos deseados.<\/p>\n<p>Estas modificaciones buscan equilibrar la sostenibilidad econ\u00f3mica del programa con la accesibilidad y calidad de los servicios ofrecidos a los jubilados, permitiendo que m\u00e1s personas disfruten de las ventajas del turismo social.<\/p>\n<p><em> &#8221; Sources okdiario.com &#8221; <\/em><\/p>\n<p><em> &#8221; Fuentes okdiario.com &#8221; <\/em><\/p>\n","protected":false},"excerpt":{"rendered":"<p>El Instituto de Mayores y Servicios Sociales (Imserso) ha anunciado cambios significativos en su programa de viajes para jubilados para la temporada 2025-2026. Estos ajustes incluyen un incremento en los precios de los viajes y la introducci\u00f3n de una tarifa plana para pensionistas con ingresos m\u00e1s bajos. Incremento en los precios de los viajes A [&hellip;]<\/p>\n","protected":false},"author":4,"featured_media":974918,"comment_status":"open","ping_status":"closed","sticky":false,"template":"","format":"standard","meta":{"om_disable_all_campaigns":false,"jnews-multi-image_gallery":[],"jnews_single_post":[],"jnews_primary_category":[],"jnews_social_meta":[],"footnotes":""},"categories":[39],"tags":[24146,548,715,3721,1610,11532,653,544,681,545],"class_list":["post-974917","post","type-post","status-publish","format-standard","has-post-thumbnail","hentry","category-viajes","tag-costos","tag-destino","tag-economia","tag-gastos","tag-planificacion","tag-presupuesto","tag-transporte","tag-turismo","tag-viaje","tag-viajes"],"_links":{"self":[{"href":"https:\/\/dimensionturistica.com\/es\/wp-json\/wp\/v2\/posts\/974917","targetHints":{"allow":["GET"]}}],"collection":[{"href":"https:\/\/dimensionturistica.com\/es\/wp-json\/wp\/v2\/posts"}],"about":[{"href":"https:\/\/dimensionturistica.com\/es\/wp-json\/wp\/v2\/types\/post"}],"author":[{"embeddable":true,"href":"https:\/\/dimensionturistica.com\/es\/wp-json\/wp\/v2\/users\/4"}],"replies":[{"embeddable":true,"href":"https:\/\/dimensionturistica.com\/es\/wp-json\/wp\/v2\/comments?post=974917"}],"version-history":[{"count":0,"href":"https:\/\/dimensionturistica.com\/es\/wp-json\/wp\/v2\/posts\/974917\/revisions"}],"wp:featuredmedia":[{"embeddable":true,"href":"https:\/\/dimensionturistica.com\/es\/wp-json\/wp\/v2\/media\/974918"}],"wp:attachment":[{"href":"https:\/\/dimensionturistica.com\/es\/wp-json\/wp\/v2\/media?parent=974917"}],"wp:term":[{"taxonomy":"category","embeddable":true,"href":"https:\/\/dimensionturistica.com\/es\/wp-json\/wp\/v2\/categories?post=974917"},{"taxonomy":"post_tag","embeddable":true,"href":"https:\/\/dimensionturistica.com\/es\/wp-json\/wp\/v2\/tags?post=974917"}],"curies":[{"name":"wp","href":"https:\/\/api.w.org\/{rel}","templated":true}]}}