{"id":97442,"date":"2021-03-17T17:23:37","date_gmt":"2021-03-17T17:23:37","guid":{"rendered":"https:\/\/dimensionturistica.com\/es\/?p=97442"},"modified":"2021-03-17T17:23:37","modified_gmt":"2021-03-17T17:23:37","slug":"bloquean-crucero-frente-a-las-oficinas-de-la-delegacion-de-bienestar","status":"publish","type":"post","link":"https:\/\/dimensionturistica.com\/es\/bloquean-crucero-frente-a-las-oficinas-de-la-delegacion-de-bienestar\/","title":{"rendered":"Bloquean crucero frente a las oficinas de la delegaci\u00f3n de Bienestar"},"content":{"rendered":"<p> <br \/>\n<\/p>\n<div>\n<p>OAXACA, Oax. 17<br \/>\nde marzo de 2021.- Manifestantes bloquearon el crucero de la carretera federal<br \/>\n190 frente a las oficinas de la Secretar\u00eda de Bienestar del gobierno federal,<br \/>\nen Santa Luc\u00eda del Camino.<\/p>\n<p>Para impedir el<br \/>\npaso de veh\u00edculos, retuvieron cuatro autobuses de transporte urbano y los<br \/>\natravesaron en la carretera.<\/p>\n<p>Asimismo, estas personas est\u00e1n quemando mantas y madera en el camell\u00f3n.<\/p>\n<p>Vea la transmisi\u00f3n aqu\u00ed:<\/p>\n<p><a rel=\"nofollow noopener\" target=\"_blank\" href=\"https:\/\/www.facebook.com\/quadratin.oaxaca\/videos\/1707970736030937\">https:\/\/www.facebook.com\/qua<\/a><a rel=\"nofollow noopener\" target=\"_blank\" href=\"https:\/\/www.facebook.com\/quadratin.oaxaca\/videos\/1707970736030937\" aria-label=\"dratin.oaxaca\/videos\/1707970736030937 (se abre en una nueva pesta\u00f1a)\">dratin.oaxaca\/videos\/1707970736030937<\/a><\/p>\n<figure class=\"wp-block-image size-large\"><img decoding=\"async\" src=\"https:\/\/dimensionturistica.com\/es\/wp-content\/uploads\/2021\/03\/Bloquean-crucero-frente-a-las-oficinas-de-la-delegacion-de.jpg\" alt=\"\" class=\"wp-image-824462\"  \/><\/figure>\n<p>Este crucero es<br \/>\nuno de los principales accesos a la ciudad de Oaxaca y que comunica a la regi\u00f3n<br \/>\ndel Istmo de Tehuantepec por lo que afecta a un gran n\u00famero de personas que<br \/>\nrequiere pasar por esa zona en plena emergencia sanitaria.<\/p>\n<p>Son habitantes<br \/>\nde comunidades de la Costa que piden la renuncia de la delegada de Bienestar en<br \/>\nOaxaca, Nancy Ortiz, ante la desorganizaci\u00f3n en el proceso de vacunaci\u00f3n<br \/>\nanticovid y la falta de programas en esa regi\u00f3n.<\/p>\n<\/div>\n<p><script>(function(d, s, id) {\n  var js, fjs = d.getElementsByTagName(s)[0];\n  if (d.getElementById(id)) return;\n  js = d.createElement(s); js.id = id;\n  js.src=\"https:\/\/connect.facebook.net\/es_LA\/sdk.js#xfbml=1&version=v3.2&appId=128492274233029&autoLogAppEvents=1\";\n  fjs.parentNode.insertBefore(js, fjs);\n}(document, 'script', 'facebook-jssdk'));<\/script><br \/>\n<br \/><\/p>\n<p><em> &#8221; Fuentes oaxaca.quadratin.com.mx &#8221; <\/em><\/p>\n","protected":false},"excerpt":{"rendered":"<p>OAXACA, Oax. 17 de marzo de 2021.- Manifestantes bloquearon el crucero de la carretera federal 190 frente a las oficinas de la Secretar\u00eda de Bienestar del gobierno federal, en Santa Luc\u00eda del Camino. Para impedir el paso de veh\u00edculos, retuvieron cuatro autobuses de transporte urbano y los atravesaron en la carretera. Asimismo, estas personas est\u00e1n [&hellip;]<\/p>\n","protected":false},"author":4,"featured_media":97443,"comment_status":"open","ping_status":"closed","sticky":false,"template":"","format":"standard","meta":{"om_disable_all_campaigns":false,"jnews-multi-image_gallery":[],"jnews_single_post":[],"jnews_primary_category":[],"jnews_social_meta":[],"footnotes":""},"categories":[41],"tags":[],"class_list":["post-97442","post","type-post","status-publish","format-standard","has-post-thumbnail","hentry","category-cruceros"],"_links":{"self":[{"href":"https:\/\/dimensionturistica.com\/es\/wp-json\/wp\/v2\/posts\/97442","targetHints":{"allow":["GET"]}}],"collection":[{"href":"https:\/\/dimensionturistica.com\/es\/wp-json\/wp\/v2\/posts"}],"about":[{"href":"https:\/\/dimensionturistica.com\/es\/wp-json\/wp\/v2\/types\/post"}],"author":[{"embeddable":true,"href":"https:\/\/dimensionturistica.com\/es\/wp-json\/wp\/v2\/users\/4"}],"replies":[{"embeddable":true,"href":"https:\/\/dimensionturistica.com\/es\/wp-json\/wp\/v2\/comments?post=97442"}],"version-history":[{"count":0,"href":"https:\/\/dimensionturistica.com\/es\/wp-json\/wp\/v2\/posts\/97442\/revisions"}],"wp:featuredmedia":[{"embeddable":true,"href":"https:\/\/dimensionturistica.com\/es\/wp-json\/wp\/v2\/media\/97443"}],"wp:attachment":[{"href":"https:\/\/dimensionturistica.com\/es\/wp-json\/wp\/v2\/media?parent=97442"}],"wp:term":[{"taxonomy":"category","embeddable":true,"href":"https:\/\/dimensionturistica.com\/es\/wp-json\/wp\/v2\/categories?post=97442"},{"taxonomy":"post_tag","embeddable":true,"href":"https:\/\/dimensionturistica.com\/es\/wp-json\/wp\/v2\/tags?post=97442"}],"curies":[{"name":"wp","href":"https:\/\/api.w.org\/{rel}","templated":true}]}}