{"id":974237,"date":"2025-05-10T01:51:45","date_gmt":"2025-05-10T01:51:45","guid":{"rendered":"https:\/\/dimensionturistica.com\/es\/?p=974237"},"modified":"2025-05-10T01:51:45","modified_gmt":"2025-05-10T01:51:45","slug":"dos-desconocidos-se-encontraron-en-un-tren-y-decidieron-explorar-el-mundo-juntos","status":"publish","type":"post","link":"https:\/\/dimensionturistica.com\/es\/dos-desconocidos-se-encontraron-en-un-tren-y-decidieron-explorar-el-mundo-juntos\/","title":{"rendered":"Dos desconocidos se encontraron en un tren y decidieron explorar el mundo juntos."},"content":{"rendered":"<h2>Una conexi\u00f3n inesperada: el viaje de dos almas errantes<\/h2>\n<p>En el vasto mundo de los viajes, cada aventura est\u00e1 impregnada de historias \u00fanicas que van m\u00e1s all\u00e1 de los paisajes y las culturas. Este es el relato de dos desconocidos que, impulsados por el deseo de explorar, encontraron una conexi\u00f3n inesperada en el trayecto de una vida.<\/p>\n<p>Imagina un tren en marcha, sus ruedas girando sobre las v\u00edas, llevando consigo no solo pasajeros, sino tambi\u00e9n anhelos y sue\u00f1os. En un compartimento, dos viajeros, cada uno con su propia historia, decidieron unir sus destinos. El tren se convirti\u00f3 en el escenario de un encuentro que cambiar\u00eda sus vidas para siempre.<\/p>\n<h3>La magia del tren<\/h3>\n<p>El tren, un s\u00edmbolo cl\u00e1sico de la aventura, tiene un poder especial para acercar a las personas. En este caso, fue el medio que permiti\u00f3 a nuestros protagonistas, un artista y un amante de la historia, compartir sus visiones del mundo. A medida que las horas pasaban y el paisaje se deslizaba por la ventana, comenzaron a intercambiar ideas, risas y an\u00e9cdotas de sus respectivas vidas.<\/p>\n<p>Los trenes no solo transportan a los viajeros, tambi\u00e9n mueven historias. En su trayecto, estos dos personajes compartieron sus pasiones: el arte, la historia y la exploraci\u00f3n. A trav\u00e9s de conversaciones profundas y momentos de complicidad, forjaron un v\u00ednculo que desafiaba las expectativas de un simple viaje en tren.<\/p>\n<h3>Un viaje marcado por las sorpresas<\/h3>\n<p>Lo que comenz\u00f3 como una traves\u00eda com\u00fan pronto se transform\u00f3 en una serie de sorpresas. Cada parada del tren ofrec\u00eda nuevas oportunidades para explorar juntos, desde peque\u00f1as estaciones hasta grandes ciudades llenas de historia. Juntos descubrieron rincones ocultos, probando delicias locales y participando en festivales espont\u00e1neos que celebraban la cultura de cada lugar que visitaban.<\/p>\n<p>Cada breve encuentro con locales se convert\u00eda en una lecci\u00f3n sobre la diversidad del mundo. A trav\u00e9s de ellos, los viajeros aprendieron a ver m\u00e1s all\u00e1 de las gu\u00edas tur\u00edsticas y formularon un enfoque m\u00e1s aut\u00e9ntico sobre lo que significa viajar.<\/p>\n<h3>La conexi\u00f3n humana<\/h3>\n<p>M\u00e1s all\u00e1 de la magia del paisaje que se extend\u00eda ante ellos, lo m\u00e1s valioso en ese viaje fue la conexi\u00f3n humana forjada en cada conversaci\u00f3n, cada risa y cada silencio compartido. A menudo, nos olvidamos del verdadero prop\u00f3sito de viajar: la posibilidad de conocer a otros y, a su vez, descubrirnos a nosotros mismos.<\/p>\n<p>A medida que el tren avanzaba, los viajeros se dieron cuenta de que sus caminos, aunque distintos, estaban intr\u00ednsecamente entrelazados. En ese viaje inesperado, aprendieron que la vida est\u00e1 llena de giros y que, a veces, las mejores historias son las que no se planifican.<\/p>\n<h3>Reflexiones finales<\/h3>\n<p>Este relato no solo resalta la belleza de los viajes, sino tambi\u00e9n la importancia de abrirse a lo desconocido y de dejarse llevar por el momento. En un mundo cada vez m\u00e1s conectado a trav\u00e9s de las redes sociales, recordar el poder de las conexiones humanas reales se vuelve m\u00e1s relevante.<\/p>\n<p>As\u00ed que, la pr\u00f3xima vez que te embarques en una aventura, recuerda que no solo est\u00e1s explorando un nuevo destino; tambi\u00e9n est\u00e1s abriendo la puerta a posibilidades que pueden cambiar tu vida. Porque, al final, cada viaje es una invitaci\u00f3n a conectar con otros, y tal vez, con nosotros mismos.<\/p>\n<p><em> &#8221; Sources cnnespanol.celebrity.land.com &#8221; <\/em><\/p>\n<p><em> &#8221; Fuentes cnnespanol.celebrity.land.com &#8221; <\/em><\/p>\n","protected":false},"excerpt":{"rendered":"<p>Una conexi\u00f3n inesperada: el viaje de dos almas errantes En el vasto mundo de los viajes, cada aventura est\u00e1 impregnada de historias \u00fanicas que van m\u00e1s all\u00e1 de los paisajes y las culturas. Este es el relato de dos desconocidos que, impulsados por el deseo de explorar, encontraron una conexi\u00f3n inesperada en el trayecto de [&hellip;]<\/p>\n","protected":false},"author":4,"featured_media":974238,"comment_status":"open","ping_status":"closed","sticky":false,"template":"","format":"standard","meta":{"om_disable_all_campaigns":false,"jnews-multi-image_gallery":[],"jnews_single_post":[],"jnews_primary_category":[],"jnews_social_meta":[],"footnotes":""},"categories":[39],"tags":[7562,13687,223126,3402,56308,11067,111169,797,3682,544,681,545],"class_list":["post-974237","post","type-post","status-publish","format-standard","has-post-thumbnail","hentry","category-viajes","tag-amistad","tag-aventura","tag-dos-extranos","tag-encuentro","tag-exploracion","tag-historias","tag-instanoticias","tag-mundo","tag-tren","tag-turismo","tag-viaje","tag-viajes"],"_links":{"self":[{"href":"https:\/\/dimensionturistica.com\/es\/wp-json\/wp\/v2\/posts\/974237","targetHints":{"allow":["GET"]}}],"collection":[{"href":"https:\/\/dimensionturistica.com\/es\/wp-json\/wp\/v2\/posts"}],"about":[{"href":"https:\/\/dimensionturistica.com\/es\/wp-json\/wp\/v2\/types\/post"}],"author":[{"embeddable":true,"href":"https:\/\/dimensionturistica.com\/es\/wp-json\/wp\/v2\/users\/4"}],"replies":[{"embeddable":true,"href":"https:\/\/dimensionturistica.com\/es\/wp-json\/wp\/v2\/comments?post=974237"}],"version-history":[{"count":0,"href":"https:\/\/dimensionturistica.com\/es\/wp-json\/wp\/v2\/posts\/974237\/revisions"}],"wp:featuredmedia":[{"embeddable":true,"href":"https:\/\/dimensionturistica.com\/es\/wp-json\/wp\/v2\/media\/974238"}],"wp:attachment":[{"href":"https:\/\/dimensionturistica.com\/es\/wp-json\/wp\/v2\/media?parent=974237"}],"wp:term":[{"taxonomy":"category","embeddable":true,"href":"https:\/\/dimensionturistica.com\/es\/wp-json\/wp\/v2\/categories?post=974237"},{"taxonomy":"post_tag","embeddable":true,"href":"https:\/\/dimensionturistica.com\/es\/wp-json\/wp\/v2\/tags?post=974237"}],"curies":[{"name":"wp","href":"https:\/\/api.w.org\/{rel}","templated":true}]}}