{"id":97399,"date":"2021-03-17T15:51:06","date_gmt":"2021-03-17T15:51:06","guid":{"rendered":"https:\/\/dimensionturistica.com\/es\/?p=97399"},"modified":"2021-03-17T15:51:06","modified_gmt":"2021-03-17T15:51:06","slug":"los-feriantes-de-el-crucero-piden-poder-trabajar-los-dias-domingos","status":"publish","type":"post","link":"https:\/\/dimensionturistica.com\/es\/los-feriantes-de-el-crucero-piden-poder-trabajar-los-dias-domingos\/","title":{"rendered":"Los feriantes de El Crucero piden poder trabajar los d\u00edas domingos"},"content":{"rendered":"<p> <br \/>\n<\/p>\n<div>\n<p>Entre los temas que en el dia de la fecha fueron expuestos en la sesi\u00f3n del Concejo Deliberante, se encuentra el pedido de los feriantes de El Crucero de poder trabajar tambi\u00e9n los dias domingos.<\/p>\n<p>Actualmente y luego de flexibilizaci\u00f3n de la pandemia, la feria abre todos los s\u00e1bados durante todo el d\u00eda. El espacio ubicado sobre Ruta 5 se ha convertido en uno de los mas concurridos por vecinos de la ciudad y alrededores y en un atractivo mas de cada fin se semana.<\/p>\n<p>Argumentando que la feria se lleva a cabo con todos los cuidados y protocolos correspondientes y que, hasta el momento la misma se viene realizando sin ning\u00fan tipo de inconveniente, los feriantes, mediante una nota emitida al mismo Intendente Marcos Torres, solicitaron el permiso para poder abrir tambi\u00e9n los d\u00edas domingos.<\/p>\n<p><strong><em>\u201cEn la mayor\u00eda de los casos, el trabajo en la feria es el \u00fanico ingreso de las familias por lo que se hace imposible hacerlo un solo d\u00eda\u201d,<\/em><\/strong> justifica el pedido. Tras la lectura, los concejales acordaron pasar el tema al Departamento Ejecutivo para su resoluci\u00f3n.<\/p>\n<p><strong>Los ruidos molestos, un constante que parece no tener soluci\u00f3n<\/strong><\/p>\n<p>Por otro lado, otros de los temas ingresados en Comisi\u00f3n, fue el del reclamo de vecinos de la zona del Alto de la ciudad, por los constantes ruidos molestos.<\/p>\n<p>La queja es puntual: \u00bfQui\u00e9n controla a los cientos de chicos que se re\u00fanen en inmediaciones del Tajamar?; los escapes libres que se escuchan por calle Alem, Illia y alrededores y la m\u00fasica fuerte a cualquier hora y cualquier dia de la semana. Dicho reclamo, fue derivado al \u00e1rea de Secretaria.<\/p>\n<\/p><\/div>\n<p><script data-cfasync=\"false\">(function(d, s, id){\n\t\t\t\t\t  var js, fjs = d.getElementsByTagName(s)[0];\n\t\t\t\t\t  if (d.getElementById(id)) return;\n\t\t\t\t\t  js = d.createElement(s); js.id = id;\n\t\t\t\t\t  js.src = \"https:\/\/connect.facebook.net\/es_ES\/sdk.js#xfbml=1&version=v3.2\";\n\t\t\t\t\t  fjs.parentNode.insertBefore(js, fjs);\n\t\t\t\t\t}(document, 'script', 'facebook-jssdk'));<\/script><script type=\"text\/javascript\">(function() {document.getElementById('ufc-button-div').style.display = 'none'; document.getElementById('ufc-button').style.display = 'none'; function ufc_async_load() { var element = document.getElementById('comments').getBoundingClientRect();\n        if (document.getElementById('facebook-jssdk')) return; if ( element.top < window.innerHeight ) { (function(d, s, id) {\n        var js, fjs = d.getElementsByTagName(s)[0];\n        if (d.getElementById(id)) return;\n        js = d.createElement(s);\n        js.id = id;\n        js.async = true;\n        js.src=\"https:\/\/connect.facebook.net\/es_LA\/sdk.js#xfbml=1&#038;autoLogAppEvents=1&#038;version=v7.0&#038;appId=265451963493407\";\n        fjs.parentNode.insertBefore(js, fjs);\n        }(document, 'script', 'facebook-jssdk'));\n         }; };if (window.addEventListener) {\n        window.addEventListener( 'scroll', ufc_async_load, false );\n    } else if (window.attachEvent) {\n        window.attachEvent( 'onscroll', ufc_async_load );\n    }})();<\/script><br \/>\n<br \/><\/p>\n<p><em> \" Fuentes www.resumendelaregion.com \" <\/em><\/p>\n","protected":false},"excerpt":{"rendered":"<p>Entre los temas que en el dia de la fecha fueron expuestos en la sesi\u00f3n del Concejo Deliberante, se encuentra el pedido de los feriantes de El Crucero de poder trabajar tambi\u00e9n los dias domingos. Actualmente y luego de flexibilizaci\u00f3n de la pandemia, la feria abre todos los s\u00e1bados durante todo el d\u00eda. El espacio [&hellip;]<\/p>\n","protected":false},"author":4,"featured_media":0,"comment_status":"open","ping_status":"closed","sticky":false,"template":"","format":"standard","meta":{"om_disable_all_campaigns":false,"jnews-multi-image_gallery":[],"jnews_single_post":[],"jnews_primary_category":[],"jnews_social_meta":[],"footnotes":""},"categories":[41],"tags":[],"class_list":["post-97399","post","type-post","status-publish","format-standard","hentry","category-cruceros"],"_links":{"self":[{"href":"https:\/\/dimensionturistica.com\/es\/wp-json\/wp\/v2\/posts\/97399","targetHints":{"allow":["GET"]}}],"collection":[{"href":"https:\/\/dimensionturistica.com\/es\/wp-json\/wp\/v2\/posts"}],"about":[{"href":"https:\/\/dimensionturistica.com\/es\/wp-json\/wp\/v2\/types\/post"}],"author":[{"embeddable":true,"href":"https:\/\/dimensionturistica.com\/es\/wp-json\/wp\/v2\/users\/4"}],"replies":[{"embeddable":true,"href":"https:\/\/dimensionturistica.com\/es\/wp-json\/wp\/v2\/comments?post=97399"}],"version-history":[{"count":0,"href":"https:\/\/dimensionturistica.com\/es\/wp-json\/wp\/v2\/posts\/97399\/revisions"}],"wp:attachment":[{"href":"https:\/\/dimensionturistica.com\/es\/wp-json\/wp\/v2\/media?parent=97399"}],"wp:term":[{"taxonomy":"category","embeddable":true,"href":"https:\/\/dimensionturistica.com\/es\/wp-json\/wp\/v2\/categories?post=97399"},{"taxonomy":"post_tag","embeddable":true,"href":"https:\/\/dimensionturistica.com\/es\/wp-json\/wp\/v2\/tags?post=97399"}],"curies":[{"name":"wp","href":"https:\/\/api.w.org\/{rel}","templated":true}]}}