{"id":973648,"date":"2025-05-08T18:57:41","date_gmt":"2025-05-08T18:57:41","guid":{"rendered":"https:\/\/dimensionturistica.com\/es\/?p=973648"},"modified":"2025-05-08T18:57:41","modified_gmt":"2025-05-08T18:57:41","slug":"medellin-revoluciona-su-sector-turistico","status":"publish","type":"post","link":"https:\/\/dimensionturistica.com\/es\/medellin-revoluciona-su-sector-turistico\/","title":{"rendered":"Medell\u00edn Revoluciona su Sector Tur\u00edstico"},"content":{"rendered":"<h3>Medell\u00edn: Un Futuro Tur\u00edstico Sostenible<\/h3>\n<p>En el coraz\u00f3n del Valle de Aburr\u00e1, Medell\u00edn se ha convertido en un referente de transformaci\u00f3n y desarrollo, no solo a nivel social y urbano, sino tambi\u00e9n en su industria tur\u00edstica. La ciudad, conocida por su clima c\u00e1lido y su vibrante cultura, ahora pone la \u00e9tica y la sostenibilidad en el centro de su estrategia tur\u00edstica, marcando un nuevo camino hacia un futuro m\u00e1s responsable y consciente.<\/p>\n<p>Medell\u00edn ha tomado la iniciativa de redefinir su oferta tur\u00edstica con un enfoque claro en la sostenibilidad. Esto implica no solo el cuidado del entorno natural, sino tambi\u00e9n un compromiso con la comunidad y las tradiciones locales. La administraci\u00f3n municipal ha implementado diversas acciones para fomentar un turismo que respete la cultura y el tejido social, asegurando que los beneficios del turismo se distribuyan de manera equitativa entre los habitantes.<\/p>\n<p>Una de las iniciativas m\u00e1s destacadas es la promoci\u00f3n de pr\u00e1cticas que minimizan el impacto ambiental de la actividad tur\u00edstica. Esto incluye la capacitaci\u00f3n de emprendedores locales en sostenibilidad, lo que les permite ofrecer experiencias que no solo sean atractivas, sino tambi\u00e9n responsables. Desde tours en bicicleta por la ciudad hasta visitas a proyectos comunitarios, los visitantes tienen la oportunidad de conectarse con Medell\u00edn de una manera aut\u00e9ntica y respetuosa.<\/p>\n<p>Adem\u00e1s, el compromiso con la \u00e9tica se manifiesta en la promoci\u00f3n de un turismo inclusivo, donde todas las comunidades son valoradas. Se est\u00e1n impulsando programas que integran a grupos hist\u00f3ricamente marginados en el sector tur\u00edstico, permitiendo que sus historias y tradiciones sean parte del relato de la ciudad. Esto no solo enriquece la experiencia del turista, sino que tambi\u00e9n empodera a las comunidades locales.<\/p>\n<p>Las autoridades de Medell\u00edn son conscientes de que el futuro del turismo depende de su capacidad para enfrentarse a los desaf\u00edos contempor\u00e1neos. Por eso, la ciudad busca establecer alianzas con organizaciones y empresas que compartan este compromiso \u00e9tico. La colaboraci\u00f3n es clave para identificar buenas pr\u00e1cticas y promover un modelo tur\u00edstico que priorice tanto el bienestar de sus habitantes como la satisfacci\u00f3n de los visitantes.<\/p>\n<p>Medell\u00edn se convierte, as\u00ed, en un ejemplo a seguir para otras ciudades en el mundo que buscan un balance entre el desarrollo tur\u00edstico y la responsabilidad social y ambiental. La ciudad no solo invita a explorar sus paisajes y cultura, sino que tambi\u00e9n anima a los viajeros a ser parte activa de un cambio positivo, a contribuir con cada paso que den por sus calles.<\/p>\n<p>Con esta transformaci\u00f3n, Medell\u00edn no solo ofrece un destino tur\u00edstico, sino una experiencia enriquecedora que va m\u00e1s all\u00e1 de lo superficial. Es un llamado a descubrir una ciudad que, a trav\u00e9s del compromiso con la \u00e9tica y la sostenibilidad, se posiciona como un destino moderno y responsable en el panorama tur\u00edstico global. \u00a1Ven y descubre Medell\u00edn, donde cada visita es un paso hacia un futuro m\u00e1s sostenible!<\/p>\n<p><em> &#8221; Sources www.medellin.gov.co &#8221; <\/em><\/p>\n<p><em> &#8221; Sources www.medellin.gov.co &#8221; <\/em><\/p>\n","protected":false},"excerpt":{"rendered":"<p>Medell\u00edn: Un Futuro Tur\u00edstico Sostenible En el coraz\u00f3n del Valle de Aburr\u00e1, Medell\u00edn se ha convertido en un referente de transformaci\u00f3n y desarrollo, no solo a nivel social y urbano, sino tambi\u00e9n en su industria tur\u00edstica. La ciudad, conocida por su clima c\u00e1lido y su vibrante cultura, ahora pone la \u00e9tica y la sostenibilidad en [&hellip;]<\/p>\n","protected":false},"author":4,"featured_media":973649,"comment_status":"open","ping_status":"closed","sticky":false,"template":"","format":"standard","meta":{"om_disable_all_campaigns":false,"jnews-multi-image_gallery":[],"jnews_single_post":[],"jnews_primary_category":[],"jnews_social_meta":[],"footnotes":""},"categories":[40],"tags":[771,662,989,1296,775,5557,222946,600,10368,544,545],"class_list":["post-973648","post","type-post","status-publish","format-standard","has-post-thumbnail","hentry","category-industria","tag-colombia","tag-cultura","tag-desarrollo-economico","tag-industria-turistica","tag-innovacion","tag-medellin","tag-nuestro-gobierno","tag-sostenibilidad","tag-transformacion","tag-turismo","tag-viajes"],"_links":{"self":[{"href":"https:\/\/dimensionturistica.com\/es\/wp-json\/wp\/v2\/posts\/973648","targetHints":{"allow":["GET"]}}],"collection":[{"href":"https:\/\/dimensionturistica.com\/es\/wp-json\/wp\/v2\/posts"}],"about":[{"href":"https:\/\/dimensionturistica.com\/es\/wp-json\/wp\/v2\/types\/post"}],"author":[{"embeddable":true,"href":"https:\/\/dimensionturistica.com\/es\/wp-json\/wp\/v2\/users\/4"}],"replies":[{"embeddable":true,"href":"https:\/\/dimensionturistica.com\/es\/wp-json\/wp\/v2\/comments?post=973648"}],"version-history":[{"count":0,"href":"https:\/\/dimensionturistica.com\/es\/wp-json\/wp\/v2\/posts\/973648\/revisions"}],"wp:featuredmedia":[{"embeddable":true,"href":"https:\/\/dimensionturistica.com\/es\/wp-json\/wp\/v2\/media\/973649"}],"wp:attachment":[{"href":"https:\/\/dimensionturistica.com\/es\/wp-json\/wp\/v2\/media?parent=973648"}],"wp:term":[{"taxonomy":"category","embeddable":true,"href":"https:\/\/dimensionturistica.com\/es\/wp-json\/wp\/v2\/categories?post=973648"},{"taxonomy":"post_tag","embeddable":true,"href":"https:\/\/dimensionturistica.com\/es\/wp-json\/wp\/v2\/tags?post=973648"}],"curies":[{"name":"wp","href":"https:\/\/api.w.org\/{rel}","templated":true}]}}