{"id":973222,"date":"2025-05-07T21:56:23","date_gmt":"2025-05-07T21:56:23","guid":{"rendered":"https:\/\/dimensionturistica.com\/es\/?p=973222"},"modified":"2025-05-07T21:56:23","modified_gmt":"2025-05-07T21:56:23","slug":"festival-de-belleza-2025-la-celebracion-de-la-estetica-en-un-evento-exclusivo","status":"publish","type":"post","link":"https:\/\/dimensionturistica.com\/es\/festival-de-belleza-2025-la-celebracion-de-la-estetica-en-un-evento-exclusivo\/","title":{"rendered":"Festival de Belleza 2025: La celebraci\u00f3n de la est\u00e9tica en un evento exclusivo"},"content":{"rendered":"<h3>Un Viaje a la Belleza: Festival Imperdible para los Amantes de la Est\u00e9tica<\/h3>\n<p>Imagina un lugar donde la belleza cobra vida en todas sus formas. Un festival que no solo celebra la est\u00e9tica, sino que tambi\u00e9n se ha convertido en un hito cultural y tur\u00edstico. Este evento se ha establecido como un punto de encuentro para aquellos apasionados por el cuidado personal, el bienestar y las tendencias m\u00e1s vanguardistas.<\/p>\n<p>Desde su primera edici\u00f3n, el festival ha atra\u00eddo a miles de asistentes que llegan de diversas partes, deseosos de sumergirse en un universo lleno de experiencias sensoriales. Este a\u00f1o, el evento presenta una amplia gama de actividades que prometen ser un deleite para los sentidos. <\/p>\n<h3>Un Encuentro de Innovaci\u00f3n y Creatividad<\/h3>\n<p>Los asistentes pueden explorar diferentes pabellones que exhiben lo mejor de la industria de la belleza. Desde stands interactivos donde se pueden probar productos de maquillaje, hasta talleres impartidos por expertos en skincare que ofrecen consejos pr\u00e1cticos para el cuidado de la piel. No hay mejor forma de conocer las \u00faltimas tendencias y productos innovadores.<\/p>\n<p>Adem\u00e1s, el festival es un espacio para que las marcas emergentes se den a conocer y conecten con su p\u00fablico. Los apasionados por la belleza tienen la oportunidad de descubrir marcas \u00fanicas que quiz\u00e1s no llegar\u00edan a encontrar de otra manera, fomentando un sentido de comunidad y apoyo en la industria.<\/p>\n<h3>Paneles y Conferencias de Expertos<\/h3>\n<p>Uno de los mayores atractivos del festival son los paneles de discusi\u00f3n y conferencias, donde reconocidos expertos en el \u00e1rea comparten su conocimiento. Estos espacios permiten que los asistentes aprendan no solo sobre t\u00e9cnicas de belleza y bienestar, sino tambi\u00e9n sobre la importancia de la sostenibilidad y la \u00e9tica en la industria cosm\u00e9tica. <\/p>\n<p>Los participantes pueden escuchar a l\u00edderes de pensamiento que abordan temas relevantes, desde la inclusi\u00f3n hasta la innovaci\u00f3n tecnol\u00f3gica en productos de belleza. Este enfoque integral invita a reflexionar sobre el papel que todos jugamos en la transformaci\u00f3n del mercado.<\/p>\n<h3>Un Brindis a la Diversidad<\/h3>\n<p>Un aspecto que resalta en este festival es la celebraci\u00f3n de la diversidad. La belleza no tiene un solo rostro, y el evento se esfuerza por representar eso al incluir diversidad de tallas, colores y estilos. Esta inclusividad no solo enriquece la experiencia del festival, sino que tambi\u00e9n promueve un mensaje poderoso sobre la aceptaci\u00f3n y el amor propio.<\/p>\n<h3>Accesorios y Estilismo en un Solo Lugar<\/h3>\n<p>Adem\u00e1s de enfocarse en la belleza de la piel y el maquillaje, el festival tambi\u00e9n presenta un sector dedicado a la moda y los accesorios. Los asistentes pueden encontrar desde joyas \u00fanicas hasta prendas de dise\u00f1adores emergentes, brindando la oportunidad de llevarse a casa no solo productos de belleza, sino tambi\u00e9n piezas que complementen su estilo personal.<\/p>\n<h3>Una Experiencia Sensorial Completa<\/h3>\n<p>Por si fuera poco, el festival no escatima en detalles a la hora de crear un ambiente inolvidable. Desde el dise\u00f1o de los espacios hasta la m\u00fasica cuidadosamente seleccionada, cada rinc\u00f3n del evento est\u00e1 pensado para que los asistentes se sumerjan en una experiencia que trasciende lo visual. Aromas cautivadores y decoraci\u00f3n art\u00edstica a\u00f1aden un toque m\u00e1gico que hace que cada visitante se sienta como en un sue\u00f1o.<\/p>\n<h3>Un Futuro Brillante en la Belleza<\/h3>\n<p>Con cada edici\u00f3n, este festival reafirma su compromiso con la innovaci\u00f3n y la comunidad. Se convertir\u00e1 en un lugar de encuentro no solo para los fieles seguidores de la belleza, sino tambi\u00e9n para aquellos que quieren explorar y descubrir un nuevo sentido de bienestar. Un evento que va m\u00e1s all\u00e1 de los productos y las tendencias, hablando sobre el significado de la belleza en la sociedad actual.<\/p>\n<p>En conclusi\u00f3n, si eres un amante de la est\u00e9tica o simplemente buscas una experiencia \u00fanica, este festival es una cita ineludible. Un espacio donde no solo se celebra la belleza, sino que se vive y se siente en cada momento. \u00a1No te lo pierdas!<\/p>\n<p><em> &#8221; Sources www.vogue.mx &#8221; <\/em><\/p>\n<p><em> &#8221; Fuentes www.vogue.mx &#8221; <\/em><\/p>\n","protected":false},"excerpt":{"rendered":"<p>Un Viaje a la Belleza: Festival Imperdible para los Amantes de la Est\u00e9tica Imagina un lugar donde la belleza cobra vida en todas sus formas. Un festival que no solo celebra la est\u00e9tica, sino que tambi\u00e9n se ha convertido en un hito cultural y tur\u00edstico. Este evento se ha establecido como un punto de encuentro [&hellip;]<\/p>\n","protected":false},"author":4,"featured_media":973223,"comment_status":"open","ping_status":"closed","sticky":false,"template":"","format":"standard","meta":{"om_disable_all_campaigns":false,"jnews-multi-image_gallery":[],"jnews_single_post":[],"jnews_primary_category":[],"jnews_social_meta":[],"footnotes":""},"categories":[144872],"tags":[27305,72867,3381,2448,723,872,769,659,2182,50356],"class_list":["post-973222","post","type-post","status-publish","format-standard","has-post-thumbnail","hentry","category-fashion","tag-27305","tag-beauty","tag-belleza","tag-celebracion","tag-evento","tag-festival","tag-mexico","tag-moda","tag-tendencias","tag-vogue"],"_links":{"self":[{"href":"https:\/\/dimensionturistica.com\/es\/wp-json\/wp\/v2\/posts\/973222","targetHints":{"allow":["GET"]}}],"collection":[{"href":"https:\/\/dimensionturistica.com\/es\/wp-json\/wp\/v2\/posts"}],"about":[{"href":"https:\/\/dimensionturistica.com\/es\/wp-json\/wp\/v2\/types\/post"}],"author":[{"embeddable":true,"href":"https:\/\/dimensionturistica.com\/es\/wp-json\/wp\/v2\/users\/4"}],"replies":[{"embeddable":true,"href":"https:\/\/dimensionturistica.com\/es\/wp-json\/wp\/v2\/comments?post=973222"}],"version-history":[{"count":0,"href":"https:\/\/dimensionturistica.com\/es\/wp-json\/wp\/v2\/posts\/973222\/revisions"}],"wp:featuredmedia":[{"embeddable":true,"href":"https:\/\/dimensionturistica.com\/es\/wp-json\/wp\/v2\/media\/973223"}],"wp:attachment":[{"href":"https:\/\/dimensionturistica.com\/es\/wp-json\/wp\/v2\/media?parent=973222"}],"wp:term":[{"taxonomy":"category","embeddable":true,"href":"https:\/\/dimensionturistica.com\/es\/wp-json\/wp\/v2\/categories?post=973222"},{"taxonomy":"post_tag","embeddable":true,"href":"https:\/\/dimensionturistica.com\/es\/wp-json\/wp\/v2\/tags?post=973222"}],"curies":[{"name":"wp","href":"https:\/\/api.w.org\/{rel}","templated":true}]}}