{"id":972904,"date":"2025-05-07T15:33:35","date_gmt":"2025-05-07T15:33:35","guid":{"rendered":"https:\/\/dimensionturistica.com\/es\/?p=972904"},"modified":"2025-05-07T15:33:35","modified_gmt":"2025-05-07T15:33:35","slug":"funcionamiento-de-la-nueva-red-de-autobuses-electricos-en-la-ciudad","status":"publish","type":"post","link":"https:\/\/dimensionturistica.com\/es\/funcionamiento-de-la-nueva-red-de-autobuses-electricos-en-la-ciudad\/","title":{"rendered":"Funcionamiento de la Nueva Red de Autobuses El\u00e9ctricos en la Ciudad"},"content":{"rendered":"<h3>La Nueva Era del Transporte Urbano: Colectivos El\u00e9ctricos en la Ciudad<\/h3>\n<p>En un mundo donde la sostenibilidad es cada vez m\u00e1s crucial, una ciudad ha dado un paso audaz hacia el futuro implementando una l\u00ednea de colectivos el\u00e9ctricos. Este innovador medio de transporte no solo promete reducir la huella de carbono, sino tambi\u00e9n transformar la experiencia de viaje para sus habitantes y visitantes.<\/p>\n<h4>Un Viaje Sostenible<\/h4>\n<p>La llegada de los colectivos el\u00e9ctricos es un aliciente para los viajeros que buscan una alternativa eco-amigable. Estos veh\u00edculos silenciosos y eficientes no solo contribuyen a un entorno m\u00e1s limpio, sino que tambi\u00e9n ofrecen un viaje m\u00e1s c\u00f3modo y sin interrupciones. Imagina recorrer los puntos m\u00e1s emblem\u00e1ticos de la ciudad mientras disfrutas de un trayecto tranquilo, sin el ruido habitual de los motores di\u00e9sel.<\/p>\n<h4>Conectividad Transformada<\/h4>\n<p>La nueva l\u00ednea de colectivos tiene un recorrido planificado que abarca las \u00e1reas de mayor inter\u00e9s tur\u00edstico y cultural. Desde monumentos hist\u00f3ricos hasta parques vibrantes, los viajeros pueden aprovechar al m\u00e1ximo su tiempo sin preocuparse por el tr\u00e1fico o el estacionamiento. Adem\u00e1s, la planificaci\u00f3n del recorrido se ha dise\u00f1ado para facilitar las conexiones con otras modalidades de transporte, haciendo que desplazarse por la ciudad sea un juego de ni\u00f1os.<\/p>\n<h4>Innovaci\u00f3n y tecnolog\u00eda al servicio del usuario<\/h4>\n<p>Los colectivos el\u00e9ctricos no solo son una soluci\u00f3n para el medio ambiente, sino que tambi\u00e9n incorporan tecnolog\u00eda avanzada para mejorar la experiencia de usuario. Pasajeros pueden disfrutar de informaci\u00f3n en tiempo real sobre el estado de los veh\u00edculos y las paradas, as\u00ed como la opci\u00f3n de pagar a trav\u00e9s de aplicaciones m\u00f3viles, lo que aporta agilidad y comodidad al proceso de viaje.<\/p>\n<h4>Un atractivo adicional para los turistas<\/h4>\n<p>Para los viajeros que desean explorar la ciudad, el uso de estos colectivos se presenta como una experiencia fresca y \u00fanica. Adem\u00e1s de contribuir al bienestar del planeta, los visitantes pueden disfrutar de un servicio que refleja el compromiso de la ciudad con la innovatividad y el desarrollo sostenible. Estar a bordo de un veh\u00edculo el\u00e9ctrico se siente como un paso hacia el futuro, haciendo que cada viaje sea memorable.<\/p>\n<h4>Mirando hacia el futuro<\/h4>\n<p>La implementaci\u00f3n de colectivos el\u00e9ctricos promete no ser un fen\u00f3meno aislado. Este primer paso podr\u00eda ser el modelo a seguir por otras ciudades que buscan modernizar su infraestructura de transporte. A medida que m\u00e1s municipios consideren la electrificaci\u00f3n de su red de transporte, la posibilidad de conexiones sostenibles se expandir\u00e1, beneficiando tanto a locales como a turistas.<\/p>\n<p>En conclusi\u00f3n, la introducci\u00f3n de colectivos el\u00e9ctricos en esta ciudad no solo representa un avance en la movilidad urbana, sino que tambi\u00e9n marca un cambio en la forma en que pensamos acerca del transporte p\u00fablico. Un viaje en estas modernas unidades es mucho m\u00e1s que un simple trayecto; es una invitaci\u00f3n a ser parte de un futuro m\u00e1s verde y accesible. As\u00ed que, la pr\u00f3xima vez que planees visitar la ciudad, no olvides subirte a uno de estos innovadores veh\u00edculos y disfrutar de la experiencia tur\u00edstica desde una nueva perspectiva.<\/p>\n<p><em> &#8221; Sources www.clarin.com &#8221; <\/em><\/p>\n<p><em> &#8221; Fuentes www.clarin.com &#8221; <\/em><\/p>\n","protected":false},"excerpt":{"rendered":"<p>La Nueva Era del Transporte Urbano: Colectivos El\u00e9ctricos en la Ciudad En un mundo donde la sostenibilidad es cada vez m\u00e1s crucial, una ciudad ha dado un paso audaz hacia el futuro implementando una l\u00ednea de colectivos el\u00e9ctricos. Este innovador medio de transporte no solo promete reducir la huella de carbono, sino tambi\u00e9n transformar la [&hellip;]<\/p>\n","protected":false},"author":4,"featured_media":972905,"comment_status":"open","ping_status":"closed","sticky":false,"template":"","format":"standard","meta":{"om_disable_all_campaigns":false,"jnews-multi-image_gallery":[],"jnews_single_post":[],"jnews_primary_category":[],"jnews_social_meta":[],"footnotes":""},"categories":[39],"tags":[1334,222680,775,17602,600,1226],"class_list":["post-972904","post","type-post","status-publish","format-standard","has-post-thumbnail","hentry","category-viajes","tag-ciudad","tag-colectivos-electricos","tag-innovacion","tag-movilidad-urbana","tag-sostenibilidad","tag-transporte-publico"],"_links":{"self":[{"href":"https:\/\/dimensionturistica.com\/es\/wp-json\/wp\/v2\/posts\/972904","targetHints":{"allow":["GET"]}}],"collection":[{"href":"https:\/\/dimensionturistica.com\/es\/wp-json\/wp\/v2\/posts"}],"about":[{"href":"https:\/\/dimensionturistica.com\/es\/wp-json\/wp\/v2\/types\/post"}],"author":[{"embeddable":true,"href":"https:\/\/dimensionturistica.com\/es\/wp-json\/wp\/v2\/users\/4"}],"replies":[{"embeddable":true,"href":"https:\/\/dimensionturistica.com\/es\/wp-json\/wp\/v2\/comments?post=972904"}],"version-history":[{"count":0,"href":"https:\/\/dimensionturistica.com\/es\/wp-json\/wp\/v2\/posts\/972904\/revisions"}],"wp:featuredmedia":[{"embeddable":true,"href":"https:\/\/dimensionturistica.com\/es\/wp-json\/wp\/v2\/media\/972905"}],"wp:attachment":[{"href":"https:\/\/dimensionturistica.com\/es\/wp-json\/wp\/v2\/media?parent=972904"}],"wp:term":[{"taxonomy":"category","embeddable":true,"href":"https:\/\/dimensionturistica.com\/es\/wp-json\/wp\/v2\/categories?post=972904"},{"taxonomy":"post_tag","embeddable":true,"href":"https:\/\/dimensionturistica.com\/es\/wp-json\/wp\/v2\/tags?post=972904"}],"curies":[{"name":"wp","href":"https:\/\/api.w.org\/{rel}","templated":true}]}}