{"id":972831,"date":"2025-05-07T12:48:21","date_gmt":"2025-05-07T12:48:21","guid":{"rendered":"https:\/\/dimensionturistica.com\/es\/?p=972831"},"modified":"2025-05-07T12:48:21","modified_gmt":"2025-05-07T12:48:21","slug":"la-temporada-de-cruceros-comienza-a-brillar-solo-encuentro-ventajas","status":"publish","type":"post","link":"https:\/\/dimensionturistica.com\/es\/la-temporada-de-cruceros-comienza-a-brillar-solo-encuentro-ventajas\/","title":{"rendered":"La temporada de cruceros comienza a brillar: &#8216;Solo encuentro ventajas&#8217;"},"content":{"rendered":"<p><strong>La temporada de cruceros en Palma: \u00bfuna oportunidad para el turismo sostenible?<\/strong><\/p>\n<p>La temporada de cruceros en Palma ha comenzado con una notable afluencia de visitantes. Este pasado lunes, hasta cinco grandes embarcaciones coincidieron en los muelles del puerto, una cifra que ha generado tanto entusiasmo como preocupaci\u00f3n entre los residentes y profesionales del sector. En la \u00faltima semana, 23 cruceros han hecho escala en la ciudad, cuatro de ellos megacruceros con capacidad para m\u00e1s de 5.000 pasajeros, lo que representa un incremento del 21,05% respecto al mismo periodo de 2024. <\/p>\n<p><strong>Impacto econ\u00f3mico y medioambiental<\/strong><\/p>\n<p>El turismo de cruceros ha sido tradicionalmente una fuente significativa de ingresos para las Islas Baleares, generando m\u00e1s de 460 millones de euros anuales. (<a href=\"https:\/\/www.rtve.es\/noticias\/20230425\/islas-baleares-limitan-llegada-a-puertos-a-tres-cruceros-por-dia\/2441406.shtml?utm_source=openai\">rtve.es<\/a>) Sin embargo, este crecimiento ha suscitado debates sobre su sostenibilidad y el impacto medioambiental asociado. La concentraci\u00f3n de grandes buques en el puerto de Palma ha llevado a las autoridades a limitar a tres el n\u00famero m\u00e1ximo diario de cruceros a partir de 2022, con el objetivo de reducir la huella ecol\u00f3gica y mejorar la calidad de vida de los residentes. (<a href=\"https:\/\/elpais.com\/economia\/2021-12-20\/palma-limita-a-tres-el-numero-maximo-diario-de-cruceros-a-partir-de-2022.html?utm_source=openai\">elpais.com<\/a>)<\/p>\n<p><strong>Perspectivas para la temporada baja<\/strong><\/p>\n<p>Ante la creciente demanda, el Govern de les Illes Balears ha anunciado su intenci\u00f3n de estudiar la posibilidad de aumentar el n\u00famero de escalas de cruceros en temporada baja a partir de 2025. Esta medida busca equilibrar la distribuci\u00f3n de turistas a lo largo del a\u00f1o y mitigar la estacionalidad del sector. El conseller de Turismo, Cultura y Deportes, Jaume Bauz\u00e0, ha se\u00f1alado que cualquier decisi\u00f3n se tomar\u00e1 bajo un contexto de sostenibilidad y eficiencia energ\u00e9tica. (<a href=\"https:\/\/www.cope.es\/emisoras\/illes-balears\/baleares\/mallorca\/noticias\/govern-estudiara-posibilidad-aumentar-numero-escalas-cruceros-palma-20230830_2874525?utm_source=openai\">cope.es<\/a>)<\/p>\n<p><strong>Opiniones encontradas<\/strong><\/p>\n<p>Mientras algunos sectores empresariales y asociaciones de Mallorca abogan por modificar el acuerdo de limitaci\u00f3n de cruceros, argumentando que la reducci\u00f3n de visitantes ha afectado negativamente a comercios, restauradores y otros servicios locales, otros defienden la necesidad de mantener las restricciones para preservar el medio ambiente y la calidad de vida de los residentes. (<a href=\"https:\/\/www.cope.es\/emisoras\/illes-balears\/baleares\/mallorca\/noticias\/asociaciones-empresariales-mallorca-piden-govern-modificar-acuerdo-limitacion-crucero-20231004_2930894?utm_source=openai\">cope.es<\/a>)<\/p>\n<p><strong>Conclusi\u00f3n<\/strong><\/p>\n<p>La temporada de cruceros en Palma presenta una oportunidad para revitalizar la econom\u00eda local y diversificar la oferta tur\u00edstica. No obstante, es esencial encontrar un equilibrio que permita aprovechar los beneficios econ\u00f3micos sin comprometer la sostenibilidad medioambiental ni la calidad de vida de los habitantes de la isla. El di\u00e1logo entre las autoridades, el sector empresarial y la sociedad civil ser\u00e1 clave para definir el futuro del turismo de cruceros en las Islas Baleares.<\/p>\n<p><em> &#8221; Sources www.cope.es &#8221; <\/em><\/p>\n<p><em> &#8221; Fuentes www.cope.es &#8221; <\/em><\/p>\n","protected":false},"excerpt":{"rendered":"<p>La temporada de cruceros en Palma: \u00bfuna oportunidad para el turismo sostenible? La temporada de cruceros en Palma ha comenzado con una notable afluencia de visitantes. Este pasado lunes, hasta cinco grandes embarcaciones coincidieron en los muelles del puerto, una cifra que ha generado tanto entusiasmo como preocupaci\u00f3n entre los residentes y profesionales del sector. [&hellip;]<\/p>\n","protected":false},"author":4,"featured_media":0,"comment_status":"open","ping_status":"closed","sticky":false,"template":"","format":"standard","meta":{"om_disable_all_campaigns":false,"jnews-multi-image_gallery":[],"jnews_single_post":[],"jnews_primary_category":[],"jnews_social_meta":[],"footnotes":""},"categories":[41],"tags":[1793,543,715,604,2925,964,544,545],"class_list":["post-972831","post","type-post","status-publish","format-standard","hentry","category-cruceros","tag-beneficios","tag-cruceros","tag-economia","tag-industria","tag-ocio","tag-temporada","tag-turismo","tag-viajes"],"_links":{"self":[{"href":"https:\/\/dimensionturistica.com\/es\/wp-json\/wp\/v2\/posts\/972831","targetHints":{"allow":["GET"]}}],"collection":[{"href":"https:\/\/dimensionturistica.com\/es\/wp-json\/wp\/v2\/posts"}],"about":[{"href":"https:\/\/dimensionturistica.com\/es\/wp-json\/wp\/v2\/types\/post"}],"author":[{"embeddable":true,"href":"https:\/\/dimensionturistica.com\/es\/wp-json\/wp\/v2\/users\/4"}],"replies":[{"embeddable":true,"href":"https:\/\/dimensionturistica.com\/es\/wp-json\/wp\/v2\/comments?post=972831"}],"version-history":[{"count":0,"href":"https:\/\/dimensionturistica.com\/es\/wp-json\/wp\/v2\/posts\/972831\/revisions"}],"wp:attachment":[{"href":"https:\/\/dimensionturistica.com\/es\/wp-json\/wp\/v2\/media?parent=972831"}],"wp:term":[{"taxonomy":"category","embeddable":true,"href":"https:\/\/dimensionturistica.com\/es\/wp-json\/wp\/v2\/categories?post=972831"},{"taxonomy":"post_tag","embeddable":true,"href":"https:\/\/dimensionturistica.com\/es\/wp-json\/wp\/v2\/tags?post=972831"}],"curies":[{"name":"wp","href":"https:\/\/api.w.org\/{rel}","templated":true}]}}