{"id":972770,"date":"2025-05-07T10:21:27","date_gmt":"2025-05-07T10:21:27","guid":{"rendered":"https:\/\/dimensionturistica.com\/es\/?p=972770"},"modified":"2025-05-07T10:21:27","modified_gmt":"2025-05-07T10:21:27","slug":"vacaciones-refrescantes-retornos-y-tradiciones-que-esta-moldeando-los-viajes-veraniegos-a-nivel-mundial-en-2025","status":"publish","type":"post","link":"https:\/\/dimensionturistica.com\/es\/vacaciones-refrescantes-retornos-y-tradiciones-que-esta-moldeando-los-viajes-veraniegos-a-nivel-mundial-en-2025\/","title":{"rendered":"Vacaciones refrescantes, retornos y tradiciones: \u00bfQu\u00e9 est\u00e1 moldeando los viajes veraniegos a nivel mundial en 2025?"},"content":{"rendered":"<p>El verano de 2025 se perfila como una temporada de viajes marcada por la b\u00fasqueda de climas m\u00e1s frescos, la inmersi\u00f3n en culturas locales y una preferencia por escapadas m\u00e1s cercanas. A pesar de las incertidumbres pol\u00edticas y econ\u00f3micas globales, la demanda de viajes se mantiene estable, reflejando un deseo constante de explorar y conectar con el mundo que nos rodea.<\/p>\n<p><strong>B\u00fasqueda de climas m\u00e1s frescos<\/strong><\/p>\n<p>Los viajeros est\u00e1n optando por destinos con temperaturas m\u00e1s moderadas, alej\u00e1ndose de los tradicionales destinos soleados. Esta tendencia responde al deseo de disfrutar de un clima agradable y evitar las altas temperaturas estivales. Ciudades como Oslo, Vancouver y Sapporo se han convertido en opciones atractivas para quienes buscan una experiencia veraniega m\u00e1s fresca y c\u00f3moda.<\/p>\n<p><strong>Inmersi\u00f3n en culturas locales<\/strong><\/p>\n<p>La autenticidad se ha convertido en una prioridad para los viajeros. Participar en festivales locales, talleres artesanales y actividades tradicionales permite una conexi\u00f3n m\u00e1s profunda con las comunidades visitadas. Esta inmersi\u00f3n cultural enriquece la experiencia y fomenta un turismo m\u00e1s responsable y sostenible.<\/p>\n<p><strong>Escapadas locales y sostenibilidad<\/strong><\/p>\n<p>La conciencia ambiental ha impulsado el turismo local. Viajar cerca de casa no solo reduce la huella de carbono, sino que tambi\u00e9n apoya a las econom\u00edas locales. Adem\u00e1s, muchos viajeros buscan opciones de transporte y alojamiento sostenibles, eligiendo medios de transporte ecol\u00f3gicos y hospedajes que implementan pr\u00e1cticas responsables con el medio ambiente.<\/p>\n<p><strong>Bienestar y desconexi\u00f3n digital<\/strong><\/p>\n<p>El bienestar se ha convertido en una prioridad en los viajes de hoy. La creciente oferta de retiros de yoga, meditaci\u00f3n y tratamientos hol\u00edsticos refleja un deseo de cuidar tanto el cuerpo como la mente. Estos espacios ofrecen la oportunidad de desconectar de la rutina diaria y sumergirse en pr\u00e1cticas que promueven la relajaci\u00f3n y el equilibrio interior. (<a href=\"https:\/\/www.elespectador.com\/turismo\/tendencias-que-transformaran-los-viajes-en-2025\/?utm_source=openai\">elespectador.com<\/a>)<\/p>\n<p><strong>Tecnolog\u00eda y personalizaci\u00f3n<\/strong><\/p>\n<p>La tecnolog\u00eda ha transformado la planificaci\u00f3n y la experiencia de viaje. Aplicaciones y plataformas digitales permiten personalizar itinerarios, descubrir actividades locales y mantenerse conectados con amigos y familiares. Sin embargo, tambi\u00e9n se observa una tendencia a desconectar digitalmente durante las vacaciones, buscando un equilibrio entre la conectividad y la desconexi\u00f3n.<\/p>\n<p><strong>Conclusi\u00f3n<\/strong><\/p>\n<p>Los viajes de verano en 2025 est\u00e1n definidos por una b\u00fasqueda de experiencias aut\u00e9nticas, sostenibles y enriquecedoras. Los viajeros priorizan la conexi\u00f3n con la naturaleza, la inmersi\u00f3n en culturas locales y el bienestar personal, reflejando una evoluci\u00f3n en las preferencias y expectativas tur\u00edsticas. Este verano promete ser una oportunidad para redescubrir el mundo con una perspectiva m\u00e1s consciente y enriquecedora.<\/p>\n<p><em> &#8221; Sources www.bolsamania.com &#8221; <\/em><\/p>\n<p><em> &#8221; Fuentes www.bolsamania.com &#8221; <\/em><\/p>\n","protected":false},"excerpt":{"rendered":"<p>El verano de 2025 se perfila como una temporada de viajes marcada por la b\u00fasqueda de climas m\u00e1s frescos, la inmersi\u00f3n en culturas locales y una preferencia por escapadas m\u00e1s cercanas. A pesar de las incertidumbres pol\u00edticas y econ\u00f3micas globales, la demanda de viajes se mantiene estable, reflejando un deseo constante de explorar y conectar [&hellip;]<\/p>\n","protected":false},"author":4,"featured_media":0,"comment_status":"open","ping_status":"closed","sticky":false,"template":"","format":"standard","meta":{"om_disable_all_campaigns":false,"jnews-multi-image_gallery":[],"jnews_single_post":[],"jnews_primary_category":[],"jnews_social_meta":[],"footnotes":""},"categories":[39],"tags":[26338,27305,1580,1803,1581,2486,662,48941,27013,1747,61914,8414,4025,189740,2182,544,1861,2873,545,178194],"class_list":["post-972770","post","type-post","status-publish","format-standard","hentry","category-viajes","tag-qu","tag-27305","tag-categoryall","tag-categorycompany-news","tag-categorymarket-report","tag-clima","tag-cultura","tag-dando","tag-est","tag-forma","tag-frescas","tag-globales","tag-regreso","tag-regresos","tag-tendencias","tag-turismo","tag-vacaciones","tag-verano","tag-viajes","tag-viajes-globales"],"_links":{"self":[{"href":"https:\/\/dimensionturistica.com\/es\/wp-json\/wp\/v2\/posts\/972770","targetHints":{"allow":["GET"]}}],"collection":[{"href":"https:\/\/dimensionturistica.com\/es\/wp-json\/wp\/v2\/posts"}],"about":[{"href":"https:\/\/dimensionturistica.com\/es\/wp-json\/wp\/v2\/types\/post"}],"author":[{"embeddable":true,"href":"https:\/\/dimensionturistica.com\/es\/wp-json\/wp\/v2\/users\/4"}],"replies":[{"embeddable":true,"href":"https:\/\/dimensionturistica.com\/es\/wp-json\/wp\/v2\/comments?post=972770"}],"version-history":[{"count":0,"href":"https:\/\/dimensionturistica.com\/es\/wp-json\/wp\/v2\/posts\/972770\/revisions"}],"wp:attachment":[{"href":"https:\/\/dimensionturistica.com\/es\/wp-json\/wp\/v2\/media?parent=972770"}],"wp:term":[{"taxonomy":"category","embeddable":true,"href":"https:\/\/dimensionturistica.com\/es\/wp-json\/wp\/v2\/categories?post=972770"},{"taxonomy":"post_tag","embeddable":true,"href":"https:\/\/dimensionturistica.com\/es\/wp-json\/wp\/v2\/tags?post=972770"}],"curies":[{"name":"wp","href":"https:\/\/api.w.org\/{rel}","templated":true}]}}