{"id":972651,"date":"2025-05-07T02:00:28","date_gmt":"2025-05-07T02:00:28","guid":{"rendered":"https:\/\/dimensionturistica.com\/es\/?p=972651"},"modified":"2025-05-07T02:00:28","modified_gmt":"2025-05-07T02:00:28","slug":"el-aumento-de-tarifas-de-vuelos-interislenos-afecta-la-competitividad-del-sector-turistico","status":"publish","type":"post","link":"https:\/\/dimensionturistica.com\/es\/el-aumento-de-tarifas-de-vuelos-interislenos-afecta-la-competitividad-del-sector-turistico\/","title":{"rendered":"El aumento de tarifas de vuelos interisle\u00f1os afecta la competitividad del sector tur\u00edstico."},"content":{"rendered":"<p>A partir del 1 de mayo de 2025, los precios de los vuelos interislas en Baleares han experimentado un incremento de hasta un 38%, pasando de una media de 83 a 113 euros por trayecto. Esta subida abrupta ha generado preocupaci\u00f3n entre las agencias de viajes, que advierten sobre el impacto negativo en la competitividad de las empresas y en la movilidad de los residentes.<\/p>\n<p>La Asociaci\u00f3n de Agencias de Viaje de Baleares (AVIBA) ha expresado su sorpresa por la rapidez de este aumento, considerando que, aunque comprenden la necesidad de ajustar tarifas que llevaban 17 a\u00f1os congeladas, el incremento deber\u00eda haberse implementado de manera m\u00e1s gradual. Pedro Fiol, presidente de AVIBA, se\u00f1ala que este ajuste repentino afectar\u00e1 tanto a ciudadanos como a empresas, especialmente a sectores que dependen de la movilidad interinsular, como el sanitario y el educativo. (<a href=\"https:\/\/cadenaser.com\/baleares\/2025\/04\/30\/el-precio-de-los-vuelos-interislas-sube-hasta-un-38-a-partir-del-uno-de-mayo-radio-mallorca\/?utm_source=openai\">cadenaser.com<\/a>)<\/p>\n<p>Adem\u00e1s, Fiol destaca que profesionales que viajan frecuentemente entre islas, como aut\u00f3nomos, comerciales, personal sanitario y educadores, podr\u00edan replantearse su desarrollo profesional en las islas menores debido al sobrecoste de los vuelos. Esta situaci\u00f3n podr\u00eda generar una escasez de personal en sectores esenciales, afectando la calidad de los servicios ofrecidos. (<a href=\"https:\/\/cadenaser.com\/baleares\/2025\/04\/30\/el-precio-de-los-vuelos-interislas-sube-hasta-un-38-a-partir-del-uno-de-mayo-radio-mallorca\/?utm_source=openai\">cadenaser.com<\/a>)<\/p>\n<p>Como medida paliativa, AVIBA propone aumentar el descuento de residente del 75% al 80% en estos trayectos, con el fin de mitigar el impacto econ\u00f3mico en los residentes y mantener la competitividad de las empresas locales. Sin embargo, la implementaci\u00f3n de esta propuesta depender\u00e1 de las decisiones pol\u00edticas y de la colaboraci\u00f3n entre las autoridades y las compa\u00f1\u00edas a\u00e9reas.<\/p>\n<p>Este incremento en las tarifas de los vuelos interislas subraya la necesidad de encontrar un equilibrio entre la rentabilidad de las rutas a\u00e9reas y la accesibilidad para los residentes y profesionales que dependen de estos servicios para su movilidad diaria. Es esencial que las autoridades y las empresas del sector trabajen conjuntamente para garantizar una conectividad eficiente y sostenible en el archipi\u00e9lago balear.<\/p>\n<h2>Subida de precios en vuelos interislas genera preocupaci\u00f3n en Baleares:<\/h2>\n<ul>\n<li><a href=\"https:\/\/cadenaser.com\/baleares\/2025\/04\/30\/el-precio-de-los-vuelos-interislas-sube-hasta-un-38-a-partir-del-uno-de-mayo-radio-mallorca\/?utm_source=openai\">El precio de los vuelos interislas sube hasta un 38% a partir del uno de mayo<\/a><\/li>\n<li><a href=\"https:\/\/www.diariodeibiza.es\/ibiza\/2025\/04\/30\/agencias-viajes-alertan-duro-reves-116912778.html?utm_source=openai\">El precio de los vuelos interislas se dispara<\/a><\/li>\n<\/ul>\n<p><em> &#8221; Sources www.menorca.info &#8221; <\/em><\/p>\n<p><em> &#8221; Fuentes www.menorca.info &#8221; <\/em><\/p>\n","protected":false},"excerpt":{"rendered":"<p>A partir del 1 de mayo de 2025, los precios de los vuelos interislas en Baleares han experimentado un incremento de hasta un 38%, pasando de una media de 83 a 113 euros por trayecto. Esta subida abrupta ha generado preocupaci\u00f3n entre las agencias de viajes, que advierten sobre el impacto negativo en la competitividad [&hellip;]<\/p>\n","protected":false},"author":4,"featured_media":972652,"comment_status":"open","ping_status":"closed","sticky":false,"template":"","format":"standard","meta":{"om_disable_all_campaigns":false,"jnews-multi-image_gallery":[],"jnews_single_post":[],"jnews_primary_category":[],"jnews_social_meta":[],"footnotes":""},"categories":[39],"tags":[93526,103937,42798,569,22280,93593,715,1296,221206,705,947,544,545,740,221205],"class_list":["post-972651","post","type-post","status-publish","format-standard","has-post-thumbnail","hentry","category-viajes","tag-aeropuerto-de-ibiza","tag-aeropuerto-de-menorca","tag-aeropuerto-de-palma","tag-agencias-de-viajes","tag-competitividad","tag-descuento-de-residente","tag-economia","tag-industria-turistica","tag-interislas","tag-noticias","tag-transporte-aereo","tag-turismo","tag-viajes","tag-vuelos","tag-vuelos-interislas"],"_links":{"self":[{"href":"https:\/\/dimensionturistica.com\/es\/wp-json\/wp\/v2\/posts\/972651","targetHints":{"allow":["GET"]}}],"collection":[{"href":"https:\/\/dimensionturistica.com\/es\/wp-json\/wp\/v2\/posts"}],"about":[{"href":"https:\/\/dimensionturistica.com\/es\/wp-json\/wp\/v2\/types\/post"}],"author":[{"embeddable":true,"href":"https:\/\/dimensionturistica.com\/es\/wp-json\/wp\/v2\/users\/4"}],"replies":[{"embeddable":true,"href":"https:\/\/dimensionturistica.com\/es\/wp-json\/wp\/v2\/comments?post=972651"}],"version-history":[{"count":0,"href":"https:\/\/dimensionturistica.com\/es\/wp-json\/wp\/v2\/posts\/972651\/revisions"}],"wp:featuredmedia":[{"embeddable":true,"href":"https:\/\/dimensionturistica.com\/es\/wp-json\/wp\/v2\/media\/972652"}],"wp:attachment":[{"href":"https:\/\/dimensionturistica.com\/es\/wp-json\/wp\/v2\/media?parent=972651"}],"wp:term":[{"taxonomy":"category","embeddable":true,"href":"https:\/\/dimensionturistica.com\/es\/wp-json\/wp\/v2\/categories?post=972651"},{"taxonomy":"post_tag","embeddable":true,"href":"https:\/\/dimensionturistica.com\/es\/wp-json\/wp\/v2\/tags?post=972651"}],"curies":[{"name":"wp","href":"https:\/\/api.w.org\/{rel}","templated":true}]}}