{"id":97256,"date":"2021-03-17T11:11:48","date_gmt":"2021-03-17T11:11:48","guid":{"rendered":"https:\/\/dimensionturistica.com\/es\/?p=97256"},"modified":"2021-03-17T11:11:48","modified_gmt":"2021-03-17T11:11:48","slug":"belgrano-sur-se-conocieron-las-ofertas-para-la-modernizacion-del-ramal-marinos-del-crucero-gral-belgrano","status":"publish","type":"post","link":"https:\/\/dimensionturistica.com\/es\/belgrano-sur-se-conocieron-las-ofertas-para-la-modernizacion-del-ramal-marinos-del-crucero-gral-belgrano\/","title":{"rendered":"Belgrano Sur: se conocieron las ofertas para la modernizaci\u00f3n del ramal Marinos del Crucero Gral. Belgrano"},"content":{"rendered":"<p> <br \/>\n<\/p>\n<div>\n<p>Trenes Argentinos Infraestructura (<strong>ADIF<\/strong>) <strong>realiz\u00f3 este lunes la apertura de sobres de la licitaci\u00f3n <\/strong>del proyecto de <strong>modernizaci\u00f3n del ramal M de la l\u00ednea Belgrano Sur<\/strong> en el tramo Tapiales \u2013 Marinos del Crucero Common Belgrano.<\/p>\n<p>Tal como explic\u00f3 <em>enelSubte<\/em>, tras ser incluido <a rel=\"nofollow noopener\" target=\"_blank\" href=\"https:\/\/www.enelsubte.com\/noticias\/presupuesto-2021-estas-son-las-obras-ferroviarias-previstas-para-el-proximo-ano\/\">en el Presupuesto 2021<\/a>, <strong>el proyecto fue <a rel=\"nofollow noopener\" target=\"_blank\" href=\"https:\/\/www.enelsubte.com\/noticias\/belgrano-sur-relanzan-la-modernizacion-del-ramal-marinos-del-crucero-gral-belgrano\/\">relanzado por ADIF en octubre pasado<\/a><\/strong>. Una primera versi\u00f3n del proyecto <a rel=\"nofollow noopener\" target=\"_blank\" href=\"https:\/\/www.enelsubte.com\/noticias\/belgrano-sur-construiran-viaducto-entre-tapiales-y-aldo-bonzi-y-duplicaran-vias-hasta-marinos-del-belgrano\/\">hab\u00eda sido licitada en 2018<\/a>, pero debi\u00f3 darse de baja por cambios en el esquema de financiamiento, lo que retras\u00f3 las obras. Ahora el proyecto ser\u00e1 financiado <a rel=\"nofollow noopener\" target=\"_blank\" href=\"https:\/\/www.enelsubte.com\/noticias\/belgrano-sur-relanzan-la-modernizacion-del-ramal-marinos-del-crucero-gral-belgrano\/\">con un cr\u00e9dito de la Corporaci\u00f3n Andina de Fomento (CAF)<\/a>.<\/p>\n<p>Un complete de <strong>diez consorcios se presentaron a la licitaci\u00f3n<\/strong>. No obstante, <strong>como la contrataci\u00f3n est\u00e1 dividida en cinco renglones, algunas empresas s\u00f3lo ofertaron por algunas especialidades.<\/strong><\/p>\n<h4>Viaducto Tapiales \u2013 Aldo Bonzi<\/h4>\n<p><strong>El rengl\u00f3n I de la licitaci\u00f3n es uno de los \u201cplatos fuertes\u201d del proyecto<\/strong>: contempla el reemplazo del precise enlace entre Tapiales y Aldo Bonzi (de v\u00eda easy) y que involucra un cruce a nivel con el Ferrocarril Roca (<a rel=\"nofollow noopener\" target=\"_blank\" href=\"https:\/\/www.enelsubte.com\/noticias\/aseguran-que-el-ramal-temperley-haedo-volvera-a-funcionar-en-breve\/\">ramal Haedo \u2013 Temperley<\/a>) con <strong>un viaducto de 900 metros de longitud y v\u00eda doble<\/strong>, lo que permitir\u00e1 la eliminaci\u00f3n del precise cuello de botella. A su vez, plantea la renovaci\u00f3n de la infraestructura de v\u00edas y la construcci\u00f3n de un paso bajo nivel.<\/p>\n<p><strong>Para esta obra se presentaron cinco ofertas<\/strong>, de las constructoras Vial Agro, Dycasa, la UT Zonis-Eleprint-Concret Nor, la UT Esuco-Copimex, y BTU.<\/p>\n<p><figure id=\"attachment_35189\" aria-describedby=\"caption-attachment-35189\" style=\"width: 1473px\" class=\"wp-caption aligncenter\"><a rel=\"nofollow noopener\" target=\"_blank\" href=\"https:\/\/dimensionturistica.com\/es\/wp-content\/uploads\/2021\/03\/Belgrano-Sur-se-conocieron-las-ofertas-para-la-modernizacion-del.jpg\" data-rel=\"lightbox-image-0\" data-rl_title=\"\" data-rl_caption=\"\" title=\"\"><img decoding=\"async\" loading=\"lazy\" class=\"size-full wp-image-35189\" src=\"https:\/\/dimensionturistica.com\/es\/wp-content\/uploads\/2021\/03\/Belgrano-Sur-se-conocieron-las-ofertas-para-la-modernizacion-del.jpg\" alt=\"\" width=\"1473\" height=\"782\"  \/><\/a><figcaption id=\"caption-attachment-35189\" class=\"wp-caption-text\">Render del nuevo cruce a desnivel (Fuente: ADIF y enelSubte).<\/figcaption><\/figure>\n<\/p>\n<h4>Renovaci\u00f3n integral de v\u00edas y duplicaci\u00f3n Libertad \u2013 Marinos<\/h4>\n<p><strong>Los renglones II, III y IV de la licitaci\u00f3n comprenden las obras de renovaci\u00f3n integral de v\u00edas<\/strong> entre las estaciones Aldo Bonzi y Marinos del Crucero Common Belgrano, <strong>incluyendo la duplicaci\u00f3n de la traza (actualmente de v\u00eda \u00fanica) entre Libertad y Marinos<\/strong>.<\/p>\n<p><strong>En este caso se recibieron seis ofertas<\/strong>: Vial Agro, la UT Zonis-Eleprint-Concret Nor, la UT Pose-Tecma, la UT Pietroboni-Sabavisa, la UT Ferromel-Herso-Guerechet, y BTU.<\/p>\n<h4>Se\u00f1alamiento<\/h4>\n<p><strong>En<\/strong> el rengl\u00f3n V de la licitaci\u00f3n, que comprende <strong>el se\u00f1alamiento y las telecomunicaciones, se presentaron s\u00f3lo dos ofertas<\/strong>, que involucran a \u201cpesos pesados\u201d del sector: la UT Siemens Mobility-Benito Roggio-Induv\u00eda y Alstom Brasil.<\/p>\n<h4>El Belgrano Sur, camino a la modernizaci\u00f3n complete<\/h4>\n<p><figure id=\"attachment_44680\" aria-describedby=\"caption-attachment-44680\" style=\"width: 300px\" class=\"wp-caption alignright\"><a rel=\"nofollow noopener\" target=\"_blank\" href=\"https:\/\/www.enelsubte.com\/wp-content\/uploads\/2021\/03\/infografia-belgrano-sur.png\" data-rel=\"lightbox-image-1\" data-rl_title=\"\" data-rl_caption=\"\" title=\"\"><img decoding=\"async\" loading=\"lazy\" class=\"wp-image-44680 size-medium\" src=\"https:\/\/dimensionturistica.com\/es\/wp-content\/uploads\/2021\/03\/Belgrano-Sur-se-conocieron-las-ofertas-para-la-modernizacion-del.png\" alt=\"\" width=\"300\" height=\"169\"  \/><\/a><figcaption id=\"caption-attachment-44680\" class=\"wp-caption-text\">La modernizaci\u00f3n del ramal M se complementa con otras obras de importancia en la l\u00ednea, como la extensi\u00f3n a Plaza Constituci\u00f3n.<\/figcaption><\/figure>\n<\/p>\n<p><strong>La renovaci\u00f3n del ramal a Marinos del Crucero Common Belgrano se complementar\u00e1 con otras obras<\/strong> que se est\u00e1n realizando en la l\u00ednea Belgrano Sur.<\/p>\n<p>Por un lado, se est\u00e1 ejecutando <strong>la renovaci\u00f3n de v\u00edas entre S\u00e1enz y Tapiales<\/strong>, lo que -sumado a los nuevos tramos en viaducto- <strong>permitir\u00e1 que la infraestructura de v\u00edas quede renovada de punta a punta<\/strong>.<\/p>\n<p>A su vez, <strong>est\u00e1 pr\u00f3xima a comenzar la segunda etapa del viaducto, entre las estaciones S\u00e1enz y Plaza Constituci\u00f3n<\/strong>, <a rel=\"nofollow noopener\" target=\"_blank\" href=\"https:\/\/www.enelsubte.com\/noticias\/adjudicaron-a-dycasa-la-terminacion-del-viaducto-del-belgrano-sur-a-constitucion\/\">recientemente adjudicada a Dycasa<\/a>. La llegada a Constituci\u00f3n le dar\u00e1 al Belgrano Sur una mayor penetraci\u00f3n en el \u00e1rea central de la ciudad y su primera conexi\u00f3n con el Subte, am\u00e9n de una vinculaci\u00f3n con <a rel=\"nofollow noopener\" target=\"_blank\" href=\"https:\/\/www.enelsubte.com\/noticias\/cuales-son-las-diez-estaciones-de-tren-mas-utilizadas-del-pais\/\">la estaci\u00f3n de trenes m\u00e1s utilizada del \u00e1rea metropolitana<\/a>, lo que previsiblemente impactar\u00e1 en la cantidad de pasajeros transportados.<\/p>\n<p>En funci\u00f3n de estos proyectos de modernizaci\u00f3n de la infraestructura y extensi\u00f3n de la l\u00ednea, y <strong>para hacer frente al mayor caudal de p\u00fablico, <a rel=\"nofollow noopener\" target=\"_blank\" href=\"https:\/\/www.enelsubte.com\/noticias\/punto-por-punto-los-acuerdos-ferroviarios-con-china-para-cargas-y-pasajeros\/\">ya se ha acordado con CRRC la compra de 111 cochemotores<\/a> que complementar\u00e1n a los 81 adquiridos en 2015<\/strong> y permitir\u00e1n uniformar la flota con estas unidades, jubilando definitivamente a las formaciones remolcadas que circulan a\u00fan en la l\u00ednea. Esta operaci\u00f3n, <a rel=\"nofollow noopener\" target=\"_blank\" href=\"https:\/\/www.enelsubte.com\/noticias\/buscan-comprar-mas-cochemotores-chinos-para-el-belgrano-sur\/\">anticipada en exclusiva por <em>enelSubte<\/em><\/a>, fue incluida <a rel=\"nofollow noopener\" target=\"_blank\" href=\"https:\/\/www.enelsubte.com\/noticias\/presupuesto-2021-estas-son-las-obras-ferroviarias-previstas-para-el-proximo-ano\/\">en el Presupuesto 2021<\/a> y <a rel=\"nofollow noopener\" target=\"_blank\" href=\"https:\/\/www.enelsubte.com\/noticias\/punto-por-punto-los-acuerdos-ferroviarios-con-china-para-cargas-y-pasajeros\/\">firmada en diciembre pasado<\/a>.<\/p>\n<p><iframe loading=\"lazy\" class=\"scribd_iframe_embed\" src=\"https:\/\/www.scribd.com\/embeds\/499044342\/content?start_page=1&amp;view_mode&amp;access_key=key-KWGwL5krVQXvr1XY4oXy\" data-auto-height=\"true\" scrolling=\"no\" id=\"scribd_499044342\" width=\"100%\" height=\"500\" frameborder=\"0\"><\/iframe>\n\t\t<\/p>\n<\/div>\n<p><script>(function(d, s, id) {\n  var js, fjs = d.getElementsByTagName(s)[0];\n  if (d.getElementById(id)) return;\n  js = d.createElement(s); js.id = id;\n  js.src = \"https:\/\/connect.facebook.net\/es_LA\/sdk.js#xfbml=1&appId=298189093816&version=v2.3\";\n  fjs.parentNode.insertBefore(js, fjs);\n}(document, 'script', 'facebook-jssdk'));<\/script><br \/>\n<br \/><\/p>\n<p><em> &#8221; Fuentes www.enelsubte.com &#8221; <\/em><\/p>\n","protected":false},"excerpt":{"rendered":"<p>Trenes Argentinos Infraestructura (ADIF) realiz\u00f3 este lunes la apertura de sobres de la licitaci\u00f3n del proyecto de modernizaci\u00f3n del ramal M de la l\u00ednea Belgrano Sur en el tramo Tapiales \u2013 Marinos del Crucero Common Belgrano. Tal como explic\u00f3 enelSubte, tras ser incluido en el Presupuesto 2021, el proyecto fue relanzado por ADIF en octubre [&hellip;]<\/p>\n","protected":false},"author":4,"featured_media":97257,"comment_status":"open","ping_status":"closed","sticky":false,"template":"","format":"standard","meta":{"om_disable_all_campaigns":false,"jnews-multi-image_gallery":[],"jnews_single_post":[],"jnews_primary_category":[],"jnews_social_meta":[],"footnotes":""},"categories":[41],"tags":[],"class_list":["post-97256","post","type-post","status-publish","format-standard","has-post-thumbnail","hentry","category-cruceros"],"_links":{"self":[{"href":"https:\/\/dimensionturistica.com\/es\/wp-json\/wp\/v2\/posts\/97256","targetHints":{"allow":["GET"]}}],"collection":[{"href":"https:\/\/dimensionturistica.com\/es\/wp-json\/wp\/v2\/posts"}],"about":[{"href":"https:\/\/dimensionturistica.com\/es\/wp-json\/wp\/v2\/types\/post"}],"author":[{"embeddable":true,"href":"https:\/\/dimensionturistica.com\/es\/wp-json\/wp\/v2\/users\/4"}],"replies":[{"embeddable":true,"href":"https:\/\/dimensionturistica.com\/es\/wp-json\/wp\/v2\/comments?post=97256"}],"version-history":[{"count":0,"href":"https:\/\/dimensionturistica.com\/es\/wp-json\/wp\/v2\/posts\/97256\/revisions"}],"wp:featuredmedia":[{"embeddable":true,"href":"https:\/\/dimensionturistica.com\/es\/wp-json\/wp\/v2\/media\/97257"}],"wp:attachment":[{"href":"https:\/\/dimensionturistica.com\/es\/wp-json\/wp\/v2\/media?parent=97256"}],"wp:term":[{"taxonomy":"category","embeddable":true,"href":"https:\/\/dimensionturistica.com\/es\/wp-json\/wp\/v2\/categories?post=97256"},{"taxonomy":"post_tag","embeddable":true,"href":"https:\/\/dimensionturistica.com\/es\/wp-json\/wp\/v2\/tags?post=97256"}],"curies":[{"name":"wp","href":"https:\/\/api.w.org\/{rel}","templated":true}]}}