{"id":971860,"date":"2025-05-05T21:40:03","date_gmt":"2025-05-05T21:40:03","guid":{"rendered":"https:\/\/dimensionturistica.com\/es\/?p=971860"},"modified":"2025-05-05T21:40:03","modified_gmt":"2025-05-05T21:40:03","slug":"rutas-de-francisco-un-viaje-de-fe-y-esperanza","status":"publish","type":"post","link":"https:\/\/dimensionturistica.com\/es\/rutas-de-francisco-un-viaje-de-fe-y-esperanza\/","title":{"rendered":"Rutas de Francisco: Un Viaje de Fe y Esperanza"},"content":{"rendered":"<h3>Viajes del Papa: Peregrinaciones de Esperanza<\/h3>\n<p>En un mundo donde la incertidumbre y la desconfianza parecen prevalecer, los viajes del Papa Francisco emergen como rayos de esperanza, record\u00e1ndonos la importancia de la fe en tiempos dif\u00edciles. Cada uno de sus desplazamientos es m\u00e1s que un simple recorrido: es una invitaci\u00f3n a la reflexi\u00f3n y un llamado al di\u00e1logo entre las naciones y las culturas.<\/p>\n<p>Francisco ha recorrido continentes, visitando lugares que han sido testigos de conflictos, desesperanza y sufrimiento. Sin embargo, su misi\u00f3n no es solo pastoral; es un viaje hacia la reconciliaci\u00f3n y el entendimiento. Desde la Amazon\u00eda hasta el Medio Oriente, cada parada en su ruta est\u00e1 marcada por el deseo de sanar heridas y promover la paz. Con un enfoque particular en los j\u00f3venes, las familias y los marginados, el Papa busca catalizar un cambio positivo, ofreciendo un mensaje de amor y comunidad que resuena profundamente en la poblaci\u00f3n.<\/p>\n<p>La belleza de estos viajes radica en su capacidad para conectar a las personas. Durante sus visitas, el Papa se involucra con comunidades, escucha sus historias y lleva consigo un mensaje de esperanza que va m\u00e1s all\u00e1 de los l\u00edmites religiosos. En lugares como Irak, donde la historia ha dejado un impacto profundo, su presencia simboliza un renacer, una posibilidad de reconstruir la confianza y la armon\u00eda.<\/p>\n<p>Cada viaje culmina en encuentros significativos, donde el Papa organiza misas masivas y di\u00e1logos interreligiosos. La Misa de apertura de un evento, por ejemplo, no solo es un acto lit\u00fargico sino un festival de unidad que re\u00fane a miles de personas de diferentes or\u00edgenes. Estos momentos son el coraz\u00f3n de sus peregrinaciones, manifestaciones de la diversidad y la riqueza de la fe compartida.<\/p>\n<p>Adem\u00e1s, estas peregrinaciones son un llamado a la acci\u00f3n sobre temas cruciales como el cambio clim\u00e1tico, la pobreza y la migraci\u00f3n. Francisco utiliza su plataforma para abogar por un mundo m\u00e1s justo y solidario, record\u00e1ndonos que cada uno de nosotros tiene un papel en la construcci\u00f3n de una sociedad m\u00e1s compasiva.<\/p>\n<p>Los viajes del Papa no son solo para los creyentes; son un testimonio de la capacidad humana para encontrar luz en la oscuridad. Ofrecen al viajero la oportunidad de explorar no solo lugares, sino tambi\u00e9n ideas y valores que pueden transformar vidas. As\u00ed, cada destino se convierte en un espacio de aprendizaje y crecimiento, donde la espiritualidad se entrelaza con la realidad diaria.<\/p>\n<p>En un futuro incierto, las peregrinaciones del Santo Padre nos instan a mirar m\u00e1s all\u00e1 de nuestras diferencias y a cultivar un esp\u00edritu de entendimiento y amor. Son un recordatorio poderoso de que, a pesar de los desaf\u00edos, siempre existe la posibilidad de esperanza y renovaci\u00f3n. Al seguir sus pasos, no solo viajamos con el Papa, sino que tambi\u00e9n nos embarcamos en un viaje personal hacia la paz y la sanaci\u00f3n.<\/p>\n<p><em> &#8221; Sources www.osservatoreromano.va &#8221; <\/em><\/p>\n<p><em> &#8221; Fuentes www.osservatoreromano.va &#8221; <\/em><\/p>\n","protected":false},"excerpt":{"rendered":"<p>Viajes del Papa: Peregrinaciones de Esperanza En un mundo donde la incertidumbre y la desconfianza parecen prevalecer, los viajes del Papa Francisco emergen como rayos de esperanza, record\u00e1ndonos la importancia de la fe en tiempos dif\u00edciles. Cada uno de sus desplazamientos es m\u00e1s que un simple recorrido: es una invitaci\u00f3n a la reflexi\u00f3n y un [&hellip;]<\/p>\n","protected":false},"author":4,"featured_media":971861,"comment_status":"open","ping_status":"closed","sticky":false,"template":"","format":"standard","meta":{"om_disable_all_campaigns":false,"jnews-multi-image_gallery":[],"jnews_single_post":[],"jnews_primary_category":[],"jnews_social_meta":[],"footnotes":""},"categories":[39],"tags":[13687,662,3072,39599,19825,3421,2189,61189,26664,3422,681,545],"class_list":["post-971860","post","type-post","status-publish","format-standard","has-post-thumbnail","hentry","category-viajes","tag-aventura","tag-cultura","tag-esperanza","tag-espiritualidad","tag-fe","tag-francisco","tag-naturaleza","tag-peregrino","tag-reflexion","tag-vaticano","tag-viaje","tag-viajes"],"_links":{"self":[{"href":"https:\/\/dimensionturistica.com\/es\/wp-json\/wp\/v2\/posts\/971860","targetHints":{"allow":["GET"]}}],"collection":[{"href":"https:\/\/dimensionturistica.com\/es\/wp-json\/wp\/v2\/posts"}],"about":[{"href":"https:\/\/dimensionturistica.com\/es\/wp-json\/wp\/v2\/types\/post"}],"author":[{"embeddable":true,"href":"https:\/\/dimensionturistica.com\/es\/wp-json\/wp\/v2\/users\/4"}],"replies":[{"embeddable":true,"href":"https:\/\/dimensionturistica.com\/es\/wp-json\/wp\/v2\/comments?post=971860"}],"version-history":[{"count":0,"href":"https:\/\/dimensionturistica.com\/es\/wp-json\/wp\/v2\/posts\/971860\/revisions"}],"wp:featuredmedia":[{"embeddable":true,"href":"https:\/\/dimensionturistica.com\/es\/wp-json\/wp\/v2\/media\/971861"}],"wp:attachment":[{"href":"https:\/\/dimensionturistica.com\/es\/wp-json\/wp\/v2\/media?parent=971860"}],"wp:term":[{"taxonomy":"category","embeddable":true,"href":"https:\/\/dimensionturistica.com\/es\/wp-json\/wp\/v2\/categories?post=971860"},{"taxonomy":"post_tag","embeddable":true,"href":"https:\/\/dimensionturistica.com\/es\/wp-json\/wp\/v2\/tags?post=971860"}],"curies":[{"name":"wp","href":"https:\/\/api.w.org\/{rel}","templated":true}]}}